{"id":749,"date":"2012-03-27T19:07:15","date_gmt":"2012-03-27T19:07:15","guid":{"rendered":"http:\/\/www.lisegarguil.com\/blog\/?p=749"},"modified":"2013-02-12T09:49:54","modified_gmt":"2013-02-12T09:49:54","slug":"seance-jade","status":"publish","type":"post","link":"https:\/\/www.lisegarguil.com\/blog\/2012\/03\/seance-jade\/","title":{"rendered":"S\u00e9ance Jade I"},"content":{"rendered":"<p style=\"text-align: justify;\">Ce n&rsquo;est pas la premi\u00e8re fois que Jade se retrouve sur le blog, souvenez-vous, je l&rsquo;avais rencontr\u00e9 en octobre<a href=\"https:\/\/www.lisegarguil.com\/blog\/2011\/09\/seance-enfant-jade-photographie-enfant-lille\/\" target=\"_blank\"> ici<\/a>. Un pure bonheur de photographier une si jolie pucette qui s&rsquo;est pr\u00eat\u00e9e aux jeux des changements de tenues et d&rsquo;accessoires, qu&rsquo;elle choisissait elle-m\u00eame attention!^^ J&rsquo;ai aussi r\u00e9alis\u00e9 des photos de Jade avec sa maman qui voulait de belles photos d&rsquo;elle avec sa fille,et puis vous pourrez m\u00eame faire la connaissance de Gladys, la petite boule de poile \u00e0 quatre pattes, qui s&rsquo;est \u00ab\u00a0invit\u00e9e\u00a0\u00bb tranquilou sur le shooting, h\u00e9 h\u00e9.^^ La s\u00e9ance s&rsquo;est termin\u00e9 en ext\u00e9rieur au parc de jeux, mais \u00e7a sera pour la prochaine publication :D Merci de m&rsquo;avoir fait confiance une nouvelle fois, bonne soir\u00e9e \u00e0 tous! ;)<\/p>\n<p><img loading=\"lazy\" decoding=\"async\" class=\"pp-insert-all size-full aligncenter\" alt=\"\" src=\"https:\/\/www.lisegarguil.com\/blog\/wp-content\/uploads\/lise-garguil-photographie-enfant-jade-24-03-12-3-tag.jpg\" width=\"900\" height=\"596\" \/><img loading=\"lazy\" decoding=\"async\" class=\"pp-insert-all size-full aligncenter\" alt=\"\" src=\"https:\/\/www.lisegarguil.com\/blog\/wp-content\/uploads\/lise-garguil-photographie-enfant-jade-24-03-12-1-tag.jpg\" width=\"596\" height=\"900\" \/><img loading=\"lazy\" decoding=\"async\" class=\"pp-insert-all size-full aligncenter\" alt=\"\" src=\"https:\/\/www.lisegarguil.com\/blog\/wp-content\/uploads\/lise-garguil-photographie-enfant-jade-24-03-12-2-tag.jpg\" width=\"900\" height=\"596\" \/><img loading=\"lazy\" decoding=\"async\" class=\"pp-insert-all size-full aligncenter\" alt=\"\" src=\"https:\/\/www.lisegarguil.com\/blog\/wp-content\/uploads\/lise-garguil-photographie-enfant-jade-24-03-12-4-tag.jpg\" width=\"596\" height=\"900\" \/><img loading=\"lazy\" decoding=\"async\" class=\"aligncenter size-full wp-image-773\" title=\"lise garguil photographie enfant jade 24-03-12-6 copie tag\" alt=\"\" src=\"https:\/\/www.lisegarguil.com\/blog\/wp-content\/uploads\/lise-garguil-photographie-enfant-jade-24-03-12-6-copie-tag.jpg\" width=\"900\" height=\"596\" srcset=\"https:\/\/www.lisegarguil.com\/blog\/wp-content\/uploads\/lise-garguil-photographie-enfant-jade-24-03-12-6-copie-tag.jpg 900w, https:\/\/www.lisegarguil.com\/blog\/wp-content\/uploads\/lise-garguil-photographie-enfant-jade-24-03-12-6-copie-tag-300x198.jpg 300w\" sizes=\"auto, (max-width: 900px) 100vw, 900px\" \/><img loading=\"lazy\" decoding=\"async\" class=\"aligncenter size-full wp-image-775\" title=\"lise garguil photographie enfant jade 24-03-12-9 copie tag\" alt=\"\" src=\"https:\/\/www.lisegarguil.com\/blog\/wp-content\/uploads\/lise-garguil-photographie-enfant-jade-24-03-12-9-copie-tag.jpg\" width=\"900\" height=\"596\" srcset=\"https:\/\/www.lisegarguil.com\/blog\/wp-content\/uploads\/lise-garguil-photographie-enfant-jade-24-03-12-9-copie-tag.jpg 900w, https:\/\/www.lisegarguil.com\/blog\/wp-content\/uploads\/lise-garguil-photographie-enfant-jade-24-03-12-9-copie-tag-300x198.jpg 300w\" sizes=\"auto, (max-width: 900px) 100vw, 900px\" \/><img loading=\"lazy\" decoding=\"async\" class=\"pp-insert-all size-full aligncenter\" alt=\"\" src=\"https:\/\/www.lisegarguil.com\/blog\/wp-content\/uploads\/lise-garguil-photographie-enfant-jade-24-03-12-15-tag.jpg\" width=\"596\" height=\"900\" \/><img loading=\"lazy\" decoding=\"async\" class=\"pp-insert-all size-full aligncenter\" alt=\"\" src=\"https:\/\/www.lisegarguil.com\/blog\/wp-content\/uploads\/lise-garguil-photographie-enfant-jade-24-03-12-19-tag.jpg\" width=\"900\" height=\"596\" \/><img loading=\"lazy\" decoding=\"async\" class=\"pp-insert-all size-full aligncenter\" alt=\"\" src=\"https:\/\/www.lisegarguil.com\/blog\/wp-content\/uploads\/lise-garguil-photographie-enfant-jade-24-03-12-18-tag.jpg\" width=\"900\" height=\"596\" \/><img loading=\"lazy\" decoding=\"async\" class=\"pp-insert-all size-full aligncenter\" alt=\"\" src=\"https:\/\/www.lisegarguil.com\/blog\/wp-content\/uploads\/lise-garguil-photographie-enfant-jade-24-03-12-16-tag.jpg\" width=\"900\" height=\"680\" \/><img loading=\"lazy\" decoding=\"async\" class=\"pp-insert-all size-full aligncenter\" alt=\"\" src=\"https:\/\/www.lisegarguil.com\/blog\/wp-content\/uploads\/lise-garguil-photographie-enfant-jade-24-03-12-20-tag.jpg\" width=\"596\" height=\"900\" \/><img loading=\"lazy\" decoding=\"async\" class=\"pp-insert-all size-full aligncenter\" alt=\"\" src=\"https:\/\/www.lisegarguil.com\/blog\/wp-content\/uploads\/lise-garguil-photographie-enfant-jade-24-03-12-14-tag.jpg\" width=\"900\" height=\"596\" \/><img loading=\"lazy\" decoding=\"async\" class=\"pp-insert-all size-full aligncenter\" alt=\"\" src=\"https:\/\/www.lisegarguil.com\/blog\/wp-content\/uploads\/lise-garguil-photographie-enfant-jade-24-03-12-21-tag.jpg\" width=\"900\" height=\"680\" \/><img loading=\"lazy\" decoding=\"async\" class=\"pp-insert-all size-full aligncenter\" alt=\"\" src=\"https:\/\/www.lisegarguil.com\/blog\/wp-content\/uploads\/lise-garguil-photographie-enfant-jade-24-03-12-22-tag.jpg\" width=\"596\" height=\"900\" \/><img loading=\"lazy\" decoding=\"async\" class=\"pp-insert-all size-full aligncenter\" alt=\"\" src=\"https:\/\/www.lisegarguil.com\/blog\/wp-content\/uploads\/lise-garguil-photographie-enfant-jade-24-03-12-25-tag.jpg\" width=\"596\" height=\"900\" \/><img loading=\"lazy\" decoding=\"async\" class=\"pp-insert-all size-full aligncenter\" alt=\"\" src=\"https:\/\/www.lisegarguil.com\/blog\/wp-content\/uploads\/lise-garguil-photographie-enfant-jade-24-03-12-26-tag.jpg\" width=\"900\" height=\"680\" \/><img loading=\"lazy\" decoding=\"async\" class=\"pp-insert-all size-full aligncenter\" alt=\"\" src=\"https:\/\/www.lisegarguil.com\/blog\/wp-content\/uploads\/lise-garguil-photographie-enfant-jade-24-03-12-28-tag.jpg\" width=\"596\" height=\"900\" \/><img loading=\"lazy\" decoding=\"async\" class=\"pp-insert-all size-full aligncenter\" alt=\"\" src=\"https:\/\/www.lisegarguil.com\/blog\/wp-content\/uploads\/lise-garguil-photographie-enfant-jade-24-03-12-30-tag.jpg\" width=\"900\" height=\"596\" \/>Et mes pr\u00e9f\u00e9r\u00e9es en version noire&amp;blanc!<\/p>\n<p><img loading=\"lazy\" decoding=\"async\" class=\"aligncenter size-full wp-image-769\" title=\"lise garguil photographie enfant jade 24-03-12-24 NB tag\" alt=\"\" src=\"https:\/\/www.lisegarguil.com\/blog\/wp-content\/uploads\/lise-garguil-photographie-enfant-jade-24-03-12-24-NB-tag.jpg\" width=\"596\" height=\"900\" srcset=\"https:\/\/www.lisegarguil.com\/blog\/wp-content\/uploads\/lise-garguil-photographie-enfant-jade-24-03-12-24-NB-tag.jpg 596w, https:\/\/www.lisegarguil.com\/blog\/wp-content\/uploads\/lise-garguil-photographie-enfant-jade-24-03-12-24-NB-tag-198x300.jpg 198w\" sizes=\"auto, (max-width: 596px) 100vw, 596px\" \/><img loading=\"lazy\" decoding=\"async\" class=\"aligncenter size-full wp-image-770\" title=\"lise garguil photographie enfant jade 24-03-12-4 NB tag\" alt=\"\" src=\"https:\/\/www.lisegarguil.com\/blog\/wp-content\/uploads\/lise-garguil-photographie-enfant-jade-24-03-12-4-NB-tag.jpg\" width=\"596\" height=\"900\" srcset=\"https:\/\/www.lisegarguil.com\/blog\/wp-content\/uploads\/lise-garguil-photographie-enfant-jade-24-03-12-4-NB-tag.jpg 596w, https:\/\/www.lisegarguil.com\/blog\/wp-content\/uploads\/lise-garguil-photographie-enfant-jade-24-03-12-4-NB-tag-198x300.jpg 198w\" sizes=\"auto, (max-width: 596px) 100vw, 596px\" \/><\/p>\n<p><img loading=\"lazy\" decoding=\"async\" class=\"aligncenter size-full wp-image-771\" title=\"lise garguil photographie enfant jade 24-03-12-15 NB tag\" alt=\"\" src=\"https:\/\/www.lisegarguil.com\/blog\/wp-content\/uploads\/lise-garguil-photographie-enfant-jade-24-03-12-15-NB-tag.jpg\" width=\"596\" height=\"900\" srcset=\"https:\/\/www.lisegarguil.com\/blog\/wp-content\/uploads\/lise-garguil-photographie-enfant-jade-24-03-12-15-NB-tag.jpg 596w, https:\/\/www.lisegarguil.com\/blog\/wp-content\/uploads\/lise-garguil-photographie-enfant-jade-24-03-12-15-NB-tag-198x300.jpg 198w\" sizes=\"auto, (max-width: 596px) 100vw, 596px\" \/><\/p>\n","protected":false},"excerpt":{"rendered":"<p>Ce n&rsquo;est pas la premi\u00e8re fois que Jade se retrouve sur le blog, souvenez-vous, je l&rsquo;avais rencontr\u00e9 en octobre ici. Un pure bonheur de photographier une si jolie pucette qui s&rsquo;est pr\u00eat\u00e9e aux jeux des changements de tenues et d&rsquo;accessoires, qu&rsquo;elle choisissait elle-m\u00eame attention!^^ J&rsquo;ai aussi r\u00e9alis\u00e9 des photos de Jade avec sa maman qui...<\/p>\n","protected":false},"author":1,"featured_media":0,"comment_status":"open","ping_status":"open","sticky":false,"template":"","format":"standard","meta":{"pp_embeds":"","footnotes":""},"categories":[14],"tags":[290,287,300,299,302,198,184,303,168,268,301,78,197,52,306,304,305],"class_list":["post-749","post","type-post","status-publish","format-standard","hentry","category-enfants","tag-cadeau-seance-photo-vendee","tag-offrir-seance-photo-vendee","tag-photo-enfant-studio-la-rochelle","tag-photo-enfant-studio-vendee","tag-photographe-enfant-85","tag-photographe-enfant-la-roche-sur-yon","tag-photographe-enfant-la-rochelle","tag-photographe-enfant-les-herbiers","tag-photographe-enfant-lucon","tag-photographe-enfant-niort","tag-photographe-enfant-studio-vendee","tag-photographe-studio-enfant","tag-photographe-studio-enfant-nantes","tag-seance-photo-enfant","tag-seance-photo-enfant-les-sables-dolonne","tag-seance-photo-studio-enfant-la-roche-sur-yon","tag-seance-photo-studio-enfant-vendee"],"_links":{"self":[{"href":"https:\/\/www.lisegarguil.com\/blog\/wp-json\/wp\/v2\/posts\/749","targetHints":{"allow":["GET"]}}],"collection":[{"href":"https:\/\/www.lisegarguil.com\/blog\/wp-json\/wp\/v2\/posts"}],"about":[{"href":"https:\/\/www.lisegarguil.com\/blog\/wp-json\/wp\/v2\/types\/post"}],"author":[{"embeddable":true,"href":"https:\/\/www.lisegarguil.com\/blog\/wp-json\/wp\/v2\/users\/1"}],"replies":[{"embeddable":true,"href":"https:\/\/www.lisegarguil.com\/blog\/wp-json\/wp\/v2\/comments?post=749"}],"version-history":[{"count":7,"href":"https:\/\/www.lisegarguil.com\/blog\/wp-json\/wp\/v2\/posts\/749\/revisions"}],"predecessor-version":[{"id":774,"href":"https:\/\/www.lisegarguil.com\/blog\/wp-json\/wp\/v2\/posts\/749\/revisions\/774"}],"wp:attachment":[{"href":"https:\/\/www.lisegarguil.com\/blog\/wp-json\/wp\/v2\/media?parent=749"}],"wp:term":[{"taxonomy":"category","embeddable":true,"href":"https:\/\/www.lisegarguil.com\/blog\/wp-json\/wp\/v2\/categories?post=749"},{"taxonomy":"post_tag","embeddable":true,"href":"https:\/\/www.lisegarguil.com\/blog\/wp-json\/wp\/v2\/tags?post=749"}],"curies":[{"name":"wp","href":"https:\/\/api.w.org\/{rel}","templated":true}]}}