{"id":5787,"date":"2015-08-16T16:17:49","date_gmt":"2015-08-16T16:17:49","guid":{"rendered":"http:\/\/www.lisegarguil.com\/blog\/?p=5787"},"modified":"2017-02-14T08:59:11","modified_gmt":"2017-02-14T08:59:11","slug":"photographe-nouveau-ne-vendee-85-naissance-mise-en-scene-fleurs-specialiste-specialise","status":"publish","type":"post","link":"https:\/\/www.lisegarguil.com\/blog\/2015\/08\/photographe-nouveau-ne-vendee-85-naissance-mise-en-scene-fleurs-specialiste-specialise\/","title":{"rendered":"Nouveau-n\u00e9 | Belle Ad\u00e8le"},"content":{"rendered":"<p style=\"text-align: justify;\">Quelle belle rencontre j&rsquo;ai faite ce jour l\u00e0! La douce Ad\u00e8le est venue faire ma connaissance au studio durant ses tout premiers jours. Je lui avais pr\u00e9par\u00e9 un d\u00e9cor fleuri, et pour une fois j&rsquo;ai jou\u00e9 sur les contrastes, chose que je ne fais pas souvent. Et bien Ad\u00e8le, le pourpre et le vert te vont \u00e0 ravir!\u00a0 Merci encore une fois pour la confiance que vous me donner pour photographier vos b\u00e9b\u00e9s tout juste n\u00e9s. C&rsquo;est un grand privil\u00e8ge, et je met un point d&rsquo;honneur \u00e0 cr\u00e9er des souvenirs uniques pour vos familles.<\/p>\n<p style=\"text-align: justify;\">Si vous attendez un b\u00e9b\u00e9 et d\u00e9sirez vous aussi votre s\u00e9ance nouveau-n\u00e9, n\u2019attendez pas et r\u00e9servez d\u00e8s maintenant pour \u00eatre assur\u00e9s d\u2019avoir un cr\u00e9neau \u00e0 la naissance! Les futures mamans r\u00e9servent cette s\u00e9ance au minimum 2 mois avant le terme pr\u00e9vu. Ce genre de photos se r\u00e9alisent dans l\u2019id\u00e9al lors des 10-15 premiers jours de votre tout petit. Contact: ligarguil@gmail.com<\/p>\n<p style=\"text-align: justify;\">La s\u00e9ance se r\u00e9alise dans mon studio ou je dispose de plusieurs centaines d&rsquo;accessoires sp\u00e9cialement s\u00e9lectionn\u00e9s et confectionn\u00e9s pour les s\u00e9ances de vos touts petits. Les d\u00e9cors et mise en sc\u00e8nes sont soigneusement cr\u00e9\u00e9s en amont de votre s\u00e9ance. Tout est mis en \u0153uvre pour vous procurer une exp\u00e9rience hors du commun et des souvenirs sans pareil.<\/p>\n<p style=\"text-align: justify;\">Pour voir davantage de mon travail autour des nouveau-n\u00e9s, c\u2019est par <a href=\"https:\/\/www.lisegarguil.com\/blog\/category\/nouveau-nes\/\">ici<\/a><\/p>\n<p><img loading=\"lazy\" decoding=\"async\" class=\"pp-insert-all size-full aligncenter\" title=\"lise garguil photographe nouveau ne vendee 85 (19)\" src=\"https:\/\/www.lisegarguil.com\/blog\/wp-content\/uploads\/lise-garguil-photographe-nouveau-ne-vendee-85-19.jpg\" alt=\"\" width=\"800\" height=\"534\" \/><img loading=\"lazy\" decoding=\"async\" class=\"pp-insert-all size-full aligncenter\" title=\"lise garguil photographe nouveau ne vendee 85 (21)\" src=\"https:\/\/www.lisegarguil.com\/blog\/wp-content\/uploads\/lise-garguil-photographe-nouveau-ne-vendee-85-21.jpg\" alt=\"\" width=\"800\" height=\"534\" \/><img loading=\"lazy\" decoding=\"async\" class=\"pp-insert-all size-full aligncenter\" title=\"lise garguil photographe nouveau ne vendee 85 (3)\" src=\"https:\/\/www.lisegarguil.com\/blog\/wp-content\/uploads\/lise-garguil-photographe-nouveau-ne-vendee-85-3.jpg\" alt=\"\" width=\"800\" height=\"534\" \/><img loading=\"lazy\" decoding=\"async\" class=\"pp-insert-all size-full aligncenter\" title=\"lise garguil photographe nouveau ne vendee 85 (6)\" src=\"https:\/\/www.lisegarguil.com\/blog\/wp-content\/uploads\/lise-garguil-photographe-nouveau-ne-vendee-85-6.jpg\" alt=\"\" width=\"800\" height=\"534\" \/><img loading=\"lazy\" decoding=\"async\" class=\"pp-insert-all size-full aligncenter\" title=\"lise garguil photographe nouveau ne vendee 85 (7)\" src=\"https:\/\/www.lisegarguil.com\/blog\/wp-content\/uploads\/lise-garguil-photographe-nouveau-ne-vendee-85-7.jpg\" alt=\"\" width=\"800\" height=\"534\" \/><img loading=\"lazy\" decoding=\"async\" class=\"pp-insert-all size-full aligncenter\" title=\"lise garguil photographe nouveau ne vendee 85 (10)\" src=\"https:\/\/www.lisegarguil.com\/blog\/wp-content\/uploads\/lise-garguil-photographe-nouveau-ne-vendee-85-10.jpg\" alt=\"\" width=\"800\" height=\"534\" \/><img loading=\"lazy\" decoding=\"async\" class=\"pp-insert-all size-full aligncenter\" title=\"lise garguil photographe nouveau ne vendee 85 (12)\" src=\"https:\/\/www.lisegarguil.com\/blog\/wp-content\/uploads\/lise-garguil-photographe-nouveau-ne-vendee-85-12.jpg\" alt=\"\" width=\"800\" height=\"534\" \/><img loading=\"lazy\" decoding=\"async\" class=\"pp-insert-all size-full aligncenter\" title=\"lise garguil photographe nouveau ne vendee 85 (17)\" src=\"https:\/\/www.lisegarguil.com\/blog\/wp-content\/uploads\/lise-garguil-photographe-nouveau-ne-vendee-85-17.jpg\" alt=\"\" width=\"800\" height=\"534\" \/><img loading=\"lazy\" decoding=\"async\" class=\"pp-insert-all size-full aligncenter\" title=\"lise garguil photographe nouveau ne vendee 85 (18)\" src=\"https:\/\/www.lisegarguil.com\/blog\/wp-content\/uploads\/lise-garguil-photographe-nouveau-ne-vendee-85-18.jpg\" alt=\"\" width=\"800\" height=\"534\" \/><img loading=\"lazy\" decoding=\"async\" class=\"pp-insert-all size-full aligncenter\" title=\"lise garguil photographe nouveau ne vendee 85 (23)\" src=\"https:\/\/www.lisegarguil.com\/blog\/wp-content\/uploads\/lise-garguil-photographe-nouveau-ne-vendee-85-23.jpg\" alt=\"\" width=\"800\" height=\"534\" \/><img loading=\"lazy\" decoding=\"async\" class=\"pp-insert-all size-full aligncenter\" title=\"lise garguil photographe nouveau ne vendee 85 (25)\" src=\"https:\/\/www.lisegarguil.com\/blog\/wp-content\/uploads\/lise-garguil-photographe-nouveau-ne-vendee-85-25.jpg\" alt=\"\" width=\"800\" height=\"534\" \/><img loading=\"lazy\" decoding=\"async\" class=\"pp-insert-all size-full aligncenter\" title=\"lise garguil photographe nouveau ne vendee 85 (28)\" src=\"https:\/\/www.lisegarguil.com\/blog\/wp-content\/uploads\/lise-garguil-photographe-nouveau-ne-vendee-85-28.jpg\" alt=\"\" width=\"800\" height=\"534\" \/><img loading=\"lazy\" decoding=\"async\" class=\"pp-insert-all size-full aligncenter\" title=\"lise garguil photographe nouveau ne vendee 85 (30)\" src=\"https:\/\/www.lisegarguil.com\/blog\/wp-content\/uploads\/lise-garguil-photographe-nouveau-ne-vendee-85-30.jpg\" alt=\"\" width=\"800\" height=\"534\" \/><img loading=\"lazy\" decoding=\"async\" class=\"pp-insert-all size-full aligncenter\" title=\"lise garguil photographe nouveau ne vendee 85 (31)\" src=\"https:\/\/www.lisegarguil.com\/blog\/wp-content\/uploads\/lise-garguil-photographe-nouveau-ne-vendee-85-31.jpg\" alt=\"\" width=\"800\" height=\"534\" \/><img loading=\"lazy\" decoding=\"async\" class=\"pp-insert-all size-full aligncenter\" title=\"lise garguil photographe nouveau ne vendee 85 (34)\" src=\"https:\/\/www.lisegarguil.com\/blog\/wp-content\/uploads\/lise-garguil-photographe-nouveau-ne-vendee-85-34.jpg\" alt=\"\" width=\"800\" height=\"534\" \/><img loading=\"lazy\" decoding=\"async\" class=\"pp-insert-all size-full aligncenter\" title=\"lise garguil photographe nouveau ne vendee 85 (35)\" src=\"https:\/\/www.lisegarguil.com\/blog\/wp-content\/uploads\/lise-garguil-photographe-nouveau-ne-vendee-85-35.jpg\" alt=\"\" width=\"800\" height=\"534\" \/><img loading=\"lazy\" decoding=\"async\" class=\"pp-insert-all size-full aligncenter\" title=\"lise garguil photographe nouveau ne vendee 85 (42)\" src=\"https:\/\/www.lisegarguil.com\/blog\/wp-content\/uploads\/lise-garguil-photographe-nouveau-ne-vendee-85-42.jpg\" alt=\"\" width=\"800\" height=\"534\" \/><img loading=\"lazy\" decoding=\"async\" class=\"pp-insert-all size-full aligncenter\" title=\"lise garguil photographe nouveau ne vendee 85 (43)\" src=\"https:\/\/www.lisegarguil.com\/blog\/wp-content\/uploads\/lise-garguil-photographe-nouveau-ne-vendee-85-43.jpg\" alt=\"\" width=\"800\" height=\"534\" \/><img loading=\"lazy\" decoding=\"async\" class=\"pp-insert-all size-full aligncenter\" title=\"lise garguil photographe nouveau ne vendee 85 (47)\" src=\"https:\/\/www.lisegarguil.com\/blog\/wp-content\/uploads\/lise-garguil-photographe-nouveau-ne-vendee-85-47.jpg\" alt=\"\" width=\"800\" height=\"534\" \/><\/p>\n<p>&nbsp;<\/p>\n","protected":false},"excerpt":{"rendered":"<p>Quelle belle rencontre j&rsquo;ai faite ce jour l\u00e0! La douce Ad\u00e8le est venue faire ma connaissance au studio durant ses tout premiers jours. Je lui avais pr\u00e9par\u00e9 un d\u00e9cor fleuri, et pour une fois j&rsquo;ai jou\u00e9 sur les contrastes, chose que je ne fais pas souvent. Et bien Ad\u00e8le, le pourpre et le vert te...<\/p>\n","protected":false},"author":1,"featured_media":0,"comment_status":"open","ping_status":"open","sticky":false,"template":"","format":"standard","meta":{"pp_embeds":"","footnotes":""},"categories":[39],"tags":[402,422,550,465,410,455,394,544,386,480,399,388,395,421,417,457,415,419,45,423,424,484,434],"class_list":["post-5787","post","type-post","status-publish","format-standard","hentry","category-nouveau-nes","tag-402","tag-accessoires-2","tag-anne-geddes","tag-aubigny","tag-bebe-2","tag-bonnet","tag-champ-st-pere","tag-decor","tag-fontenay-le-comte","tag-la-boissiere-des-landes","tag-la-roche-sur-yon","tag-lucon","tag-mareuil-sur-lay","tag-mise-en-scene","tag-naissance","tag-naturel","tag-nourrisson","tag-nouveau-ne","tag-photographe","tag-specialise","tag-specialiste","tag-studio","tag-vendee"],"_links":{"self":[{"href":"https:\/\/www.lisegarguil.com\/blog\/wp-json\/wp\/v2\/posts\/5787","targetHints":{"allow":["GET"]}}],"collection":[{"href":"https:\/\/www.lisegarguil.com\/blog\/wp-json\/wp\/v2\/posts"}],"about":[{"href":"https:\/\/www.lisegarguil.com\/blog\/wp-json\/wp\/v2\/types\/post"}],"author":[{"embeddable":true,"href":"https:\/\/www.lisegarguil.com\/blog\/wp-json\/wp\/v2\/users\/1"}],"replies":[{"embeddable":true,"href":"https:\/\/www.lisegarguil.com\/blog\/wp-json\/wp\/v2\/comments?post=5787"}],"version-history":[{"count":2,"href":"https:\/\/www.lisegarguil.com\/blog\/wp-json\/wp\/v2\/posts\/5787\/revisions"}],"predecessor-version":[{"id":7304,"href":"https:\/\/www.lisegarguil.com\/blog\/wp-json\/wp\/v2\/posts\/5787\/revisions\/7304"}],"wp:attachment":[{"href":"https:\/\/www.lisegarguil.com\/blog\/wp-json\/wp\/v2\/media?parent=5787"}],"wp:term":[{"taxonomy":"category","embeddable":true,"href":"https:\/\/www.lisegarguil.com\/blog\/wp-json\/wp\/v2\/categories?post=5787"},{"taxonomy":"post_tag","embeddable":true,"href":"https:\/\/www.lisegarguil.com\/blog\/wp-json\/wp\/v2\/tags?post=5787"}],"curies":[{"name":"wp","href":"https:\/\/api.w.org\/{rel}","templated":true}]}}