{"id":5357,"date":"2015-01-15T09:04:30","date_gmt":"2015-01-15T09:04:30","guid":{"rendered":"http:\/\/www.lisegarguil.com\/blog\/?p=5357"},"modified":"2015-03-13T10:04:03","modified_gmt":"2015-03-13T10:04:03","slug":"photographe-famille-bebe-ambroise-vendee-85-la-roche-sur-yon","status":"publish","type":"post","link":"https:\/\/www.lisegarguil.com\/blog\/2015\/01\/photographe-famille-bebe-ambroise-vendee-85-la-roche-sur-yon\/","title":{"rendered":"Famille | B\u00e9b\u00e9 Ambroise"},"content":{"rendered":"<p style=\"text-align: justify;\">Encore une s\u00e9ance entre fr\u00e8re et s\u0153urs autour du premier b\u00e9b\u00e9 de la fratrie, le tr\u00e8s beau Ambroise. Chlo\u00e9 est une amie de longue date que je ne voyais plus depuis que j&rsquo;\u00e9tais \u00e0 Lille (pendant presque 10 ans!), je l&rsquo;ai retrouv\u00e9 il y a bient\u00f4t 2 ans maintenant lors de mon retour en Vend\u00e9e. Je suis tellement contente de l&rsquo;avoir retrouv\u00e9, et super touch\u00e9e qu&rsquo;elle ai pens\u00e9 \u00e0 moi pour ces photos.\u00a0 J&rsquo;avais d\u00e9j\u00e0 photographi\u00e9 Chlo\u00e9 quant elle attendait Ambroise <a title=\"S\u00e9ance futurs parents | Chlo\u00e9&amp;Pierre\" href=\"https:\/\/www.lisegarguil.com\/blog\/2013\/11\/seance-futurs-parents-chloepierre\/\">ici<\/a>, puis quand b\u00e9b\u00e9 est arriv\u00e9 <a title=\"S\u00e9ance nouveau-n\u00e9 | Ambroise\" href=\"https:\/\/www.lisegarguil.com\/blog\/2013\/11\/photographe-nouveau-ne-bebe-vendee\/\">ici<\/a>. Cette fois-ci, Chlo\u00e9 voulait offrir de belles images de ses enfants et petit enfant \u00e0 sa maman, nous nous sommes donc retrouv\u00e9 chez moi en fin de journ\u00e9e, autour du studio qui offre de jolis d\u00e9cors naturels. Merci Chlo\u00e9 pour ta confiance renouvel\u00e9e, et pour cet excellent moment pass\u00e9 avec vous 4!<img loading=\"lazy\" decoding=\"async\" class=\"pp-insert-all size-full aligncenter\" title=\"FAM-Charlois (10)\" src=\"https:\/\/www.lisegarguil.com\/blog\/wp-content\/uploads\/FAM-Charlois-10.jpg\" alt=\"\" width=\"700\" height=\"464\" \/><img loading=\"lazy\" decoding=\"async\" class=\"pp-insert-all size-full aligncenter\" title=\"FAM-Charlois (2)\" src=\"https:\/\/www.lisegarguil.com\/blog\/wp-content\/uploads\/FAM-Charlois-2.jpg\" alt=\"\" width=\"700\" height=\"464\" \/><img loading=\"lazy\" decoding=\"async\" class=\"pp-insert-all size-full aligncenter\" title=\"FAM-Charlois (7)\" src=\"https:\/\/www.lisegarguil.com\/blog\/wp-content\/uploads\/FAM-Charlois-7.jpg\" alt=\"\" width=\"700\" height=\"1057\" \/><img loading=\"lazy\" decoding=\"async\" class=\"pp-insert-all size-full aligncenter\" title=\"FAM-Charlois (4)\" src=\"https:\/\/www.lisegarguil.com\/blog\/wp-content\/uploads\/FAM-Charlois-4.jpg\" alt=\"\" width=\"700\" height=\"464\" \/><img loading=\"lazy\" decoding=\"async\" class=\"pp-insert-all size-full aligncenter\" title=\"FAM-Charlois (29)\" src=\"https:\/\/www.lisegarguil.com\/blog\/wp-content\/uploads\/FAM-Charlois-29.jpg\" alt=\"\" width=\"700\" height=\"464\" \/><img loading=\"lazy\" decoding=\"async\" class=\"pp-insert-all size-full aligncenter\" title=\"FAM-Charlois (11)\" src=\"https:\/\/www.lisegarguil.com\/blog\/wp-content\/uploads\/FAM-Charlois-11.jpg\" alt=\"\" width=\"700\" height=\"464\" \/><img loading=\"lazy\" decoding=\"async\" class=\"pp-insert-all size-full aligncenter\" title=\"FAM-Charlois (17)-nb\" src=\"https:\/\/www.lisegarguil.com\/blog\/wp-content\/uploads\/FAM-Charlois-17-nb.jpg\" alt=\"\" width=\"700\" height=\"464\" \/><img loading=\"lazy\" decoding=\"async\" class=\"pp-insert-all size-full aligncenter\" title=\"FAM-Charlois (27)\" src=\"https:\/\/www.lisegarguil.com\/blog\/wp-content\/uploads\/FAM-Charlois-27.jpg\" alt=\"\" width=\"700\" height=\"464\" \/><img loading=\"lazy\" decoding=\"async\" class=\"pp-insert-all size-full aligncenter\" title=\"FAM-Charlois (24)\" src=\"https:\/\/www.lisegarguil.com\/blog\/wp-content\/uploads\/FAM-Charlois-24.jpg\" alt=\"\" width=\"700\" height=\"464\" \/><img loading=\"lazy\" decoding=\"async\" class=\"pp-insert-all size-full aligncenter\" title=\"FAM-Charlois (15)\" src=\"https:\/\/www.lisegarguil.com\/blog\/wp-content\/uploads\/FAM-Charlois-15.jpg\" alt=\"\" width=\"700\" height=\"1057\" \/><img loading=\"lazy\" decoding=\"async\" class=\"pp-insert-all size-full aligncenter\" title=\"FAM-Charlois (19)-nb\" src=\"https:\/\/www.lisegarguil.com\/blog\/wp-content\/uploads\/FAM-Charlois-19-nb.jpg\" alt=\"\" width=\"700\" height=\"464\" \/><img loading=\"lazy\" decoding=\"async\" class=\"pp-insert-all size-full aligncenter\" title=\"FAM-Charlois (28)-nb\" src=\"https:\/\/www.lisegarguil.com\/blog\/wp-content\/uploads\/FAM-Charlois-28-nb.jpg\" alt=\"\" width=\"700\" height=\"464\" \/><img loading=\"lazy\" decoding=\"async\" class=\" size-full wp-image-5371 aligncenter\" src=\"https:\/\/www.lisegarguil.com\/blog\/wp-content\/uploads\/DSC_2460-with-flowers.jpg\" alt=\"DSC_2460-with flowers\" width=\"700\" height=\"467\" srcset=\"https:\/\/www.lisegarguil.com\/blog\/wp-content\/uploads\/DSC_2460-with-flowers.jpg 700w, https:\/\/www.lisegarguil.com\/blog\/wp-content\/uploads\/DSC_2460-with-flowers-300x200.jpg 300w\" sizes=\"auto, (max-width: 700px) 100vw, 700px\" \/><\/p>\n","protected":false},"excerpt":{"rendered":"<p>Encore une s\u00e9ance entre fr\u00e8re et s\u0153urs autour du premier b\u00e9b\u00e9 de la fratrie, le tr\u00e8s beau Ambroise. Chlo\u00e9 est une amie de longue date que je ne voyais plus depuis que j&rsquo;\u00e9tais \u00e0 Lille (pendant presque 10 ans!), je l&rsquo;ai retrouv\u00e9 il y a bient\u00f4t 2 ans maintenant lors de mon retour en Vend\u00e9e....<\/p>\n","protected":false},"author":1,"featured_media":0,"comment_status":"open","ping_status":"open","sticky":false,"template":"","format":"standard","meta":{"pp_embeds":"","footnotes":""},"categories":[3,6],"tags":[402,465,394,527,480,399,405,388,395,463,45,418,467,518,434],"class_list":["post-5357","post","type-post","status-publish","format-standard","hentry","category-bebe","category-familles","tag-402","tag-aubigny","tag-champ-st-pere","tag-famille","tag-la-boissiere-des-landes","tag-la-roche-sur-yon","tag-lifestyle","tag-lucon","tag-mareuil-sur-lay","tag-nature","tag-photographe","tag-photographie","tag-photos","tag-seance","tag-vendee"],"_links":{"self":[{"href":"https:\/\/www.lisegarguil.com\/blog\/wp-json\/wp\/v2\/posts\/5357","targetHints":{"allow":["GET"]}}],"collection":[{"href":"https:\/\/www.lisegarguil.com\/blog\/wp-json\/wp\/v2\/posts"}],"about":[{"href":"https:\/\/www.lisegarguil.com\/blog\/wp-json\/wp\/v2\/types\/post"}],"author":[{"embeddable":true,"href":"https:\/\/www.lisegarguil.com\/blog\/wp-json\/wp\/v2\/users\/1"}],"replies":[{"embeddable":true,"href":"https:\/\/www.lisegarguil.com\/blog\/wp-json\/wp\/v2\/comments?post=5357"}],"version-history":[{"count":1,"href":"https:\/\/www.lisegarguil.com\/blog\/wp-json\/wp\/v2\/posts\/5357\/revisions"}],"predecessor-version":[{"id":5372,"href":"https:\/\/www.lisegarguil.com\/blog\/wp-json\/wp\/v2\/posts\/5357\/revisions\/5372"}],"wp:attachment":[{"href":"https:\/\/www.lisegarguil.com\/blog\/wp-json\/wp\/v2\/media?parent=5357"}],"wp:term":[{"taxonomy":"category","embeddable":true,"href":"https:\/\/www.lisegarguil.com\/blog\/wp-json\/wp\/v2\/categories?post=5357"},{"taxonomy":"post_tag","embeddable":true,"href":"https:\/\/www.lisegarguil.com\/blog\/wp-json\/wp\/v2\/tags?post=5357"}],"curies":[{"name":"wp","href":"https:\/\/api.w.org\/{rel}","templated":true}]}}