{"id":4449,"date":"2014-12-18T09:53:59","date_gmt":"2014-12-18T09:53:59","guid":{"rendered":"http:\/\/www.lisegarguil.com\/blog\/?p=4449"},"modified":"2014-12-18T09:56:29","modified_gmt":"2014-12-18T09:56:29","slug":"photographe-nouveau-ne-louis-vendee-lucon-champ-st-pere-studio-85-nourrisson-naissance","status":"publish","type":"post","link":"https:\/\/www.lisegarguil.com\/blog\/2014\/12\/photographe-nouveau-ne-louis-vendee-lucon-champ-st-pere-studio-85-nourrisson-naissance\/","title":{"rendered":"Nouveau-n\u00e9 | Louis"},"content":{"rendered":"<p style=\"text-align: justify;\">Louis \u00e9tait venu me rencontrer avec sa maman en Septembre au studio \u00e0 l&rsquo;occasion d&rsquo;une s\u00e9ance photos collaborative avec mon amie Petra. Petra est non seulement <a href=\"http:\/\/www.babyscenephotographie.fr\/\">une photographe de talent<\/a>, mais aussi <a href=\"http:\/\/www.babyscenecreation.fr\/\">cr\u00e9atrice d&rsquo;accessoires<\/a> sp\u00e9cialement r\u00e9serv\u00e9s aux photographes de nouveau-n\u00e9s et b\u00e9b\u00e9s. Elle avait apport\u00e9 une tonne de jolies choses, des nouveaut\u00e9s, des belles mati\u00e8res, nous avons ador\u00e9 composer les sc\u00e8nes qui allaient devenir de merveilleux souvenirs pour ce b\u00e9b\u00e9 et sa famille. J&rsquo;agr\u00e9mente toujours les s\u00e9ances de vos tout petits avec des bonnets, couverture, \u00e9charpe d&#8217;emmaillotement etc; ce sont eux qui font la diff\u00e9rence, et <a href=\"http:\/\/www.babyscenecreation.fr\/\">Baby Scene Cr\u00e9ation<\/a> fait partie de mes fournisseurs d&rsquo;accessoires coup de coeur. Un grand merci \u00e0 Louis et sa maman Delphine d&rsquo;avoir \u00e9t\u00e9 pr\u00e9sents ce jour l\u00e0, et merci encore Petra de t&rsquo;\u00eatre d\u00e9plac\u00e9e de Laill\u00e9, (Bretagne) jusqu&rsquo;\u00e0 mon petit Studio Vend\u00e9en.<img loading=\"lazy\" decoding=\"async\" class=\"pp-insert-all size-full aligncenter\" title=\"NN-Louis- (3)\" src=\"https:\/\/www.lisegarguil.com\/blog\/wp-content\/uploads\/NN-Louis-3.jpg\" alt=\"\" width=\"700\" height=\"467\" \/><img loading=\"lazy\" decoding=\"async\" class=\"pp-insert-all size-full aligncenter\" title=\"NN-Louis- (1)\" src=\"https:\/\/www.lisegarguil.com\/blog\/wp-content\/uploads\/NN-Louis-1.jpg\" alt=\"\" width=\"700\" height=\"467\" \/><img loading=\"lazy\" decoding=\"async\" class=\"pp-insert-all  aligncenter\" title=\"NN-Louis- (4)\" src=\"https:\/\/www.lisegarguil.com\/blog\/wp-content\/uploads\/NN-Louis-4.jpg\" alt=\"\" width=\"700\" height=\"467\" \/><img loading=\"lazy\" decoding=\"async\" class=\"pp-insert-all size-full aligncenter\" title=\"NN-Louis- (22)-nb\" src=\"https:\/\/www.lisegarguil.com\/blog\/wp-content\/uploads\/NN-Louis-22-nb.jpg\" alt=\"\" width=\"700\" height=\"467\" \/><img loading=\"lazy\" decoding=\"async\" class=\"pp-insert-all size-full aligncenter\" title=\"NN-Louis- (23)\" src=\"https:\/\/www.lisegarguil.com\/blog\/wp-content\/uploads\/NN-Louis-23.jpg\" alt=\"\" width=\"700\" height=\"467\" \/><img loading=\"lazy\" decoding=\"async\" class=\"pp-insert-all size-full aligncenter\" title=\"NN-Louis- (7)\" src=\"https:\/\/www.lisegarguil.com\/blog\/wp-content\/uploads\/NN-Louis-7.jpg\" alt=\"\" width=\"700\" height=\"467\" \/><img loading=\"lazy\" decoding=\"async\" class=\"pp-insert-all size-full aligncenter\" title=\"NN-Louis- (8)\" src=\"https:\/\/www.lisegarguil.com\/blog\/wp-content\/uploads\/NN-Louis-8.jpg\" alt=\"\" width=\"700\" height=\"467\" \/><img loading=\"lazy\" decoding=\"async\" class=\"pp-insert-all size-full aligncenter\" title=\"NN-Louis- (14)\" src=\"https:\/\/www.lisegarguil.com\/blog\/wp-content\/uploads\/NN-Louis-14.jpg\" alt=\"\" width=\"700\" height=\"467\" \/><img loading=\"lazy\" decoding=\"async\" class=\"pp-insert-all size-full aligncenter\" title=\"NN-Louis- (15)-nb\" src=\"https:\/\/www.lisegarguil.com\/blog\/wp-content\/uploads\/NN-Louis-15-nb.jpg\" alt=\"\" width=\"700\" height=\"467\" \/><img loading=\"lazy\" decoding=\"async\" class=\"pp-insert-all size-full aligncenter\" title=\"NN-Louis- (17)\" src=\"https:\/\/www.lisegarguil.com\/blog\/wp-content\/uploads\/NN-Louis-17.jpg\" alt=\"\" width=\"700\" height=\"467\" \/><img loading=\"lazy\" decoding=\"async\" class=\"pp-insert-all size-full aligncenter\" title=\"NN-Louis- (24)\" src=\"https:\/\/www.lisegarguil.com\/blog\/wp-content\/uploads\/NN-Louis-24.jpg\" alt=\"\" width=\"700\" height=\"467\" \/><img loading=\"lazy\" decoding=\"async\" class=\"pp-insert-all size-full aligncenter\" title=\"NN-Louis- (29)\" src=\"https:\/\/www.lisegarguil.com\/blog\/wp-content\/uploads\/NN-Louis-29.jpg\" alt=\"\" width=\"700\" height=\"467\" \/><img loading=\"lazy\" decoding=\"async\" class=\"pp-insert-all size-full aligncenter\" title=\"NN-Louis- (31)\" src=\"https:\/\/www.lisegarguil.com\/blog\/wp-content\/uploads\/NN-Louis-31.jpg\" alt=\"\" width=\"700\" height=\"467\" \/><img loading=\"lazy\" decoding=\"async\" class=\"pp-insert-all size-full aligncenter\" title=\"NN-Louis- (27)\" src=\"https:\/\/www.lisegarguil.com\/blog\/wp-content\/uploads\/NN-Louis-27.jpg\" alt=\"\" width=\"700\" height=\"467\" \/><img loading=\"lazy\" decoding=\"async\" class=\"pp-insert-all size-full aligncenter\" title=\"NN-Louis- (33)-nb\" src=\"https:\/\/www.lisegarguil.com\/blog\/wp-content\/uploads\/NN-Louis-33-nb.jpg\" alt=\"\" width=\"700\" height=\"467\" \/><\/p>\n<p>Si vous attendez un b\u00e9b\u00e9 et d\u00e9sirez vous aussi votre s\u00e9ance nouveau-n\u00e9, n\u2019attendez pas et r\u00e9servez d\u00e8s maintenant pour \u00eatre assur\u00e9s d\u2019avoir un cr\u00e9neau \u00e0 la naissance! Ce genre de photos se r\u00e9alisent dans l\u2019id\u00e9al lors des 10 premiers jours de votre tout petit. Contact: ligarguil@gmail.com<\/p>\n<p>Pour voir davantage de mon travail autour des nouveau-n\u00e9s, c\u2019est par <a href=\"https:\/\/www.lisegarguil.com\/blog\/category\/nouveau-nes\/\">ici<\/a><\/p>\n","protected":false},"excerpt":{"rendered":"<p>Louis \u00e9tait venu me rencontrer avec sa maman en Septembre au studio \u00e0 l&rsquo;occasion d&rsquo;une s\u00e9ance photos collaborative avec mon amie Petra. Petra est non seulement une photographe de talent, mais aussi cr\u00e9atrice d&rsquo;accessoires sp\u00e9cialement r\u00e9serv\u00e9s aux photographes de nouveau-n\u00e9s et b\u00e9b\u00e9s. Elle avait apport\u00e9 une tonne de jolies choses, des nouveaut\u00e9s, des belles mati\u00e8res,...<\/p>\n","protected":false},"author":1,"featured_media":0,"comment_status":"open","ping_status":"open","sticky":false,"template":"","format":"standard","meta":{"pp_embeds":"","footnotes":""},"categories":[39],"tags":[402,422,465,410,394,386,480,399,448,388,395,417,457,441,415,205,86,27,423,424,484,434],"class_list":["post-4449","post","type-post","status-publish","format-standard","hentry","category-nouveau-nes","tag-402","tag-accessoires-2","tag-aubigny","tag-bebe-2","tag-champ-st-pere","tag-fontenay-le-comte","tag-la-boissiere-des-landes","tag-la-roche-sur-yon","tag-lairoux","tag-lucon","tag-mareuil-sur-lay","tag-naissance","tag-naturel","tag-nesmy","tag-nourrisson","tag-photographe-naissance-vendee","tag-photographe-nouveau-ne","tag-seance-photo-bebe","tag-specialise","tag-specialiste","tag-studio","tag-vendee"],"_links":{"self":[{"href":"https:\/\/www.lisegarguil.com\/blog\/wp-json\/wp\/v2\/posts\/4449","targetHints":{"allow":["GET"]}}],"collection":[{"href":"https:\/\/www.lisegarguil.com\/blog\/wp-json\/wp\/v2\/posts"}],"about":[{"href":"https:\/\/www.lisegarguil.com\/blog\/wp-json\/wp\/v2\/types\/post"}],"author":[{"embeddable":true,"href":"https:\/\/www.lisegarguil.com\/blog\/wp-json\/wp\/v2\/users\/1"}],"replies":[{"embeddable":true,"href":"https:\/\/www.lisegarguil.com\/blog\/wp-json\/wp\/v2\/comments?post=4449"}],"version-history":[{"count":3,"href":"https:\/\/www.lisegarguil.com\/blog\/wp-json\/wp\/v2\/posts\/4449\/revisions"}],"predecessor-version":[{"id":4480,"href":"https:\/\/www.lisegarguil.com\/blog\/wp-json\/wp\/v2\/posts\/4449\/revisions\/4480"}],"wp:attachment":[{"href":"https:\/\/www.lisegarguil.com\/blog\/wp-json\/wp\/v2\/media?parent=4449"}],"wp:term":[{"taxonomy":"category","embeddable":true,"href":"https:\/\/www.lisegarguil.com\/blog\/wp-json\/wp\/v2\/categories?post=4449"},{"taxonomy":"post_tag","embeddable":true,"href":"https:\/\/www.lisegarguil.com\/blog\/wp-json\/wp\/v2\/tags?post=4449"}],"curies":[{"name":"wp","href":"https:\/\/api.w.org\/{rel}","templated":true}]}}