{"id":4400,"date":"2014-12-19T09:11:39","date_gmt":"2014-12-19T09:11:39","guid":{"rendered":"http:\/\/www.lisegarguil.com\/blog\/?p=4400"},"modified":"2014-12-19T09:11:39","modified_gmt":"2014-12-19T09:11:39","slug":"photographe-vendee-photos-de-coupleseance-famille-couple","status":"publish","type":"post","link":"https:\/\/www.lisegarguil.com\/blog\/2014\/12\/photographe-vendee-photos-de-coupleseance-famille-couple\/","title":{"rendered":"S\u00e9ance famille + couple | Val\u00e9riane + Fabien"},"content":{"rendered":"<p style=\"text-align: justify;\">Le 16 Mai prochain j&rsquo;aurai le privil\u00e8ge de suivre Val\u00e9riane et Fabien durant leur joli jour. Apr\u00e8s le premier rendez-vous et quelques mails \u00e9chang\u00e9s, nous nous sommes donc retrouv\u00e9s \u00e0 St Vincent Sur Jard. Ils \u00e9taient accompagn\u00e9s de leur deux petits bouts, nous avons commenc\u00e9 la s\u00e9ance avec eux, puis les supers mamie et papi ont pris le relais pr laisser les deux amoureux profiter de leur s\u00e9ance photos de couple. Val\u00e9riane et Fabien ont pu voir ma fa\u00e7on de travailler, nous avons bien discut\u00e9, ri aussi, appris \u00e0 nous connaitre, et de ce fait je penses que chacun appr\u00e9hende le jour J avec davantage de s\u00e9r\u00e9nit\u00e9. C&rsquo;est un des aspects tr\u00e8s positifs que procure une s\u00e9ance photos de couple avant le mariage, sans oublier qu&rsquo;elle permet aussi aux amoureux de faire une pause tendresse loin des pr\u00e9paratifs.<img loading=\"lazy\" decoding=\"async\" class=\"pp-insert-all size-full aligncenter\" title=\"EN-valeriane-fab- (13)\" src=\"https:\/\/www.lisegarguil.com\/blog\/wp-content\/uploads\/EN-valeriane-fab-13.jpg\" alt=\"\" width=\"700\" height=\"467\" \/><img loading=\"lazy\" decoding=\"async\" class=\"pp-insert-all size-full aligncenter\" title=\"EN-valeriane-fab- (2)\" src=\"https:\/\/www.lisegarguil.com\/blog\/wp-content\/uploads\/EN-valeriane-fab-2.jpg\" alt=\"\" width=\"700\" height=\"467\" \/><img loading=\"lazy\" decoding=\"async\" class=\"pp-insert-all size-full aligncenter\" title=\"EN-valeriane-fab- (3)\" src=\"https:\/\/www.lisegarguil.com\/blog\/wp-content\/uploads\/EN-valeriane-fab-3.jpg\" alt=\"\" width=\"700\" height=\"467\" \/><img loading=\"lazy\" decoding=\"async\" class=\"pp-insert-all size-full aligncenter\" title=\"EN-valeriane-fab- (4)\" src=\"https:\/\/www.lisegarguil.com\/blog\/wp-content\/uploads\/EN-valeriane-fab-4.jpg\" alt=\"\" width=\"700\" height=\"467\" \/><img loading=\"lazy\" decoding=\"async\" class=\"pp-insert-all size-full aligncenter\" title=\"EN-valeriane-fab- (5)-nb\" src=\"https:\/\/www.lisegarguil.com\/blog\/wp-content\/uploads\/EN-valeriane-fab-5-nb.jpg\" alt=\"\" width=\"700\" height=\"467\" \/><img loading=\"lazy\" decoding=\"async\" class=\"pp-insert-all size-full aligncenter\" title=\"EN-valeriane-fab- (16)-nb\" src=\"https:\/\/www.lisegarguil.com\/blog\/wp-content\/uploads\/EN-valeriane-fab-16-nb.jpg\" alt=\"\" width=\"700\" height=\"467\" \/><img loading=\"lazy\" decoding=\"async\" class=\"pp-insert-all size-full aligncenter\" title=\"EN-valeriane-fab- (30)\" src=\"https:\/\/www.lisegarguil.com\/blog\/wp-content\/uploads\/EN-valeriane-fab-30.jpg\" alt=\"\" width=\"700\" height=\"467\" \/><img loading=\"lazy\" decoding=\"async\" class=\"pp-insert-all size-full aligncenter\" title=\"EN-valeriane-fab- (37)\" src=\"https:\/\/www.lisegarguil.com\/blog\/wp-content\/uploads\/EN-valeriane-fab-37.jpg\" alt=\"\" width=\"700\" height=\"467\" \/><img loading=\"lazy\" decoding=\"async\" class=\"pp-insert-all size-full aligncenter\" title=\"EN-valeriane-fab- (45)-nb\" src=\"https:\/\/www.lisegarguil.com\/blog\/wp-content\/uploads\/EN-valeriane-fab-45-nb.jpg\" alt=\"\" width=\"700\" height=\"467\" \/><img loading=\"lazy\" decoding=\"async\" class=\"pp-insert-all size-full aligncenter\" title=\"EN-valeriane-fab- (46)\" src=\"https:\/\/www.lisegarguil.com\/blog\/wp-content\/uploads\/EN-valeriane-fab-46.jpg\" alt=\"\" width=\"700\" height=\"467\" \/><img loading=\"lazy\" decoding=\"async\" class=\"pp-insert-all size-full aligncenter\" title=\"EN-valeriane-fab- (47)\" src=\"https:\/\/www.lisegarguil.com\/blog\/wp-content\/uploads\/EN-valeriane-fab-47.jpg\" alt=\"\" width=\"700\" height=\"467\" \/><img loading=\"lazy\" decoding=\"async\" class=\"pp-insert-all size-full aligncenter\" title=\"EN-valeriane-fab- (51)\" src=\"https:\/\/www.lisegarguil.com\/blog\/wp-content\/uploads\/EN-valeriane-fab-51.jpg\" alt=\"\" width=\"700\" height=\"467\" \/><img loading=\"lazy\" decoding=\"async\" class=\"pp-insert-all size-full aligncenter\" title=\"EN-valeriane-fab- (64)\" src=\"https:\/\/www.lisegarguil.com\/blog\/wp-content\/uploads\/EN-valeriane-fab-64.jpg\" alt=\"\" width=\"700\" height=\"467\" \/><img loading=\"lazy\" decoding=\"async\" class=\"pp-insert-all size-full aligncenter\" title=\"EN-valeriane-fab- (68)-nb\" src=\"https:\/\/www.lisegarguil.com\/blog\/wp-content\/uploads\/EN-valeriane-fab-68-nb.jpg\" alt=\"\" width=\"700\" height=\"467\" \/><img loading=\"lazy\" decoding=\"async\" class=\"pp-insert-all size-full aligncenter\" title=\"EN-valeriane-fab- (71)-nb\" src=\"https:\/\/www.lisegarguil.com\/blog\/wp-content\/uploads\/EN-valeriane-fab-71-nb.jpg\" alt=\"\" width=\"700\" height=\"467\" \/><\/p>\n","protected":false},"excerpt":{"rendered":"<p>Le 16 Mai prochain j&rsquo;aurai le privil\u00e8ge de suivre Val\u00e9riane et Fabien durant leur joli jour. Apr\u00e8s le premier rendez-vous et quelques mails \u00e9chang\u00e9s, nous nous sommes donc retrouv\u00e9s \u00e0 St Vincent Sur Jard. Ils \u00e9taient accompagn\u00e9s de leur deux petits bouts, nous avons commenc\u00e9 la s\u00e9ance avec eux, puis les supers mamie et papi...<\/p>\n","protected":false},"author":1,"featured_media":0,"comment_status":"open","ping_status":"open","sticky":false,"template":"","format":"standard","meta":{"pp_embeds":"","footnotes":""},"categories":[6],"tags":[402,465,511,510,507,508,399,388,509,506,467,434],"class_list":["post-4400","post","type-post","status-publish","format-standard","hentry","category-familles","tag-402","tag-aubigny","tag-avant-le-mariage","tag-couple","tag-engagement","tag-fiancailles","tag-la-roche-sur-yon","tag-lucon","tag-mareuil","tag-photographe-famille","tag-photos","tag-vendee"],"_links":{"self":[{"href":"https:\/\/www.lisegarguil.com\/blog\/wp-json\/wp\/v2\/posts\/4400","targetHints":{"allow":["GET"]}}],"collection":[{"href":"https:\/\/www.lisegarguil.com\/blog\/wp-json\/wp\/v2\/posts"}],"about":[{"href":"https:\/\/www.lisegarguil.com\/blog\/wp-json\/wp\/v2\/types\/post"}],"author":[{"embeddable":true,"href":"https:\/\/www.lisegarguil.com\/blog\/wp-json\/wp\/v2\/users\/1"}],"replies":[{"embeddable":true,"href":"https:\/\/www.lisegarguil.com\/blog\/wp-json\/wp\/v2\/comments?post=4400"}],"version-history":[{"count":2,"href":"https:\/\/www.lisegarguil.com\/blog\/wp-json\/wp\/v2\/posts\/4400\/revisions"}],"predecessor-version":[{"id":4481,"href":"https:\/\/www.lisegarguil.com\/blog\/wp-json\/wp\/v2\/posts\/4400\/revisions\/4481"}],"wp:attachment":[{"href":"https:\/\/www.lisegarguil.com\/blog\/wp-json\/wp\/v2\/media?parent=4400"}],"wp:term":[{"taxonomy":"category","embeddable":true,"href":"https:\/\/www.lisegarguil.com\/blog\/wp-json\/wp\/v2\/categories?post=4400"},{"taxonomy":"post_tag","embeddable":true,"href":"https:\/\/www.lisegarguil.com\/blog\/wp-json\/wp\/v2\/tags?post=4400"}],"curies":[{"name":"wp","href":"https:\/\/api.w.org\/{rel}","templated":true}]}}