{"id":3922,"date":"2014-12-19T09:30:02","date_gmt":"2014-12-19T09:30:02","guid":{"rendered":"http:\/\/www.lisegarguil.com\/blog\/?p=3922"},"modified":"2014-12-19T09:54:07","modified_gmt":"2014-12-19T09:54:07","slug":"photographe-vendee-grossesse-lumiere-naturelle-lifestylefuturs-parent-emilie-et-adrien","status":"publish","type":"post","link":"https:\/\/www.lisegarguil.com\/blog\/2014\/12\/photographe-vendee-grossesse-lumiere-naturelle-lifestylefuturs-parent-emilie-et-adrien\/","title":{"rendered":"Futurs parents| Emilie et Adrien"},"content":{"rendered":"<p>Les s\u00e9ances grossesse \u00e0 domicile sont de celles que je pr\u00e9f\u00e8re, et c&rsquo;est ce style l\u00e0 qu\u2019\u00c9milie et Adrien ont choisi pr immortaliser l&rsquo;attente de leur b\u00e9b\u00e9. Je les ai donc retrouv\u00e9 chez eux, dans leur cocon o\u00f9 j&rsquo;ai pu capter de parfait moment de complicit\u00e9, de tendresse, et surtout d&rsquo;amour. Si vous voulez d\u00e9couvrir le visage du petit prince qui se cachait dans ce bidon, c&rsquo;est par <a title=\"Nouveau-n\u00e9 | N\u00e9o\" href=\"https:\/\/www.lisegarguil.com\/blog\/2014\/12\/photographe-nouveau-ne-neo-nourrisson-vendee-lucon-champ-st-pere-specialiste-specialise-accessoires\/\">ici<\/a>.<img loading=\"lazy\" decoding=\"async\" class=\"pp-insert-all size-full aligncenter\" title=\"FM-Emilie- (15)\" src=\"https:\/\/www.lisegarguil.com\/blog\/wp-content\/uploads\/FM-Emilie-15.jpg\" alt=\"\" width=\"700\" height=\"469\" \/><img loading=\"lazy\" decoding=\"async\" class=\"pp-insert-all size-full aligncenter\" title=\"FM-Emilie- (6)\" src=\"https:\/\/www.lisegarguil.com\/blog\/wp-content\/uploads\/FM-Emilie-6.jpg\" alt=\"\" width=\"700\" height=\"469\" \/><img loading=\"lazy\" decoding=\"async\" class=\"pp-insert-all size-full aligncenter\" title=\"FM-Emilie- (16)-nb\" src=\"https:\/\/www.lisegarguil.com\/blog\/wp-content\/uploads\/FM-Emilie-16-nb.jpg\" alt=\"\" width=\"700\" height=\"469\" \/><img loading=\"lazy\" decoding=\"async\" class=\"pp-insert-all size-full aligncenter\" title=\"FM-Emilie- (22)\" src=\"https:\/\/www.lisegarguil.com\/blog\/wp-content\/uploads\/FM-Emilie-22.jpg\" alt=\"\" width=\"700\" height=\"469\" \/><img loading=\"lazy\" decoding=\"async\" class=\"pp-insert-all size-full aligncenter\" title=\"FM-Emilie- (26)-nb\" src=\"https:\/\/www.lisegarguil.com\/blog\/wp-content\/uploads\/FM-Emilie-26-nb.jpg\" alt=\"\" width=\"700\" height=\"1054\" \/><img loading=\"lazy\" decoding=\"async\" class=\"pp-insert-all size-full aligncenter\" title=\"FM-Emilie- (36)\" src=\"https:\/\/www.lisegarguil.com\/blog\/wp-content\/uploads\/FM-Emilie-36.jpg\" alt=\"\" width=\"700\" height=\"1047\" \/><img loading=\"lazy\" decoding=\"async\" class=\"pp-insert-all size-full aligncenter\" title=\"FM-Emilie- (45)\" src=\"https:\/\/www.lisegarguil.com\/blog\/wp-content\/uploads\/FM-Emilie-45.jpg\" alt=\"\" width=\"700\" height=\"469\" \/><img loading=\"lazy\" decoding=\"async\" class=\"pp-insert-all size-full aligncenter\" title=\"FM-Emilie- (51)\" src=\"https:\/\/www.lisegarguil.com\/blog\/wp-content\/uploads\/FM-Emilie-51.jpg\" alt=\"\" width=\"700\" height=\"469\" \/>Vous souhaitez vous aussi immortaliser cette attente, contactez moi d\u00e8s le second trimestre de la grossesse pour \u00eatre certains d&rsquo;obtenir un cr\u00e9neau!<\/p>\n<p>ligarguil@gmail.com<\/p>\n","protected":false},"excerpt":{"rendered":"<p>Les s\u00e9ances grossesse \u00e0 domicile sont de celles que je pr\u00e9f\u00e8re, et c&rsquo;est ce style l\u00e0 qu\u2019\u00c9milie et Adrien ont choisi pr immortaliser l&rsquo;attente de leur b\u00e9b\u00e9. Je les ai donc retrouv\u00e9 chez eux, dans leur cocon o\u00f9 j&rsquo;ai pu capter de parfait moment de complicit\u00e9, de tendresse, et surtout d&rsquo;amour. Si vous voulez d\u00e9couvrir...<\/p>\n","protected":false},"author":1,"featured_media":0,"comment_status":"open","ping_status":"open","sticky":false,"template":"","format":"standard","meta":{"pp_embeds":"","footnotes":""},"categories":[4],"tags":[402,411,465,425,390,426,480,399,448,405,388,513,395,512,441,45,418,467,479,434],"class_list":["post-3922","post","type-post","status-publish","format-standard","hentry","category-grossesse","tag-402","tag-a-domicile","tag-aubigny","tag-future-maman","tag-futurs-parents","tag-grossesse-2","tag-la-boissiere-des-landes","tag-la-roche-sur-yon","tag-lairoux","tag-lifestyle","tag-lucon","tag-lumiere-naturelle","tag-mareuil-sur-lay","tag-mouzeuil-st-martin","tag-nesmy","tag-photographe","tag-photographie","tag-photos","tag-st-michel-en-lherm","tag-vendee"],"_links":{"self":[{"href":"https:\/\/www.lisegarguil.com\/blog\/wp-json\/wp\/v2\/posts\/3922","targetHints":{"allow":["GET"]}}],"collection":[{"href":"https:\/\/www.lisegarguil.com\/blog\/wp-json\/wp\/v2\/posts"}],"about":[{"href":"https:\/\/www.lisegarguil.com\/blog\/wp-json\/wp\/v2\/types\/post"}],"author":[{"embeddable":true,"href":"https:\/\/www.lisegarguil.com\/blog\/wp-json\/wp\/v2\/users\/1"}],"replies":[{"embeddable":true,"href":"https:\/\/www.lisegarguil.com\/blog\/wp-json\/wp\/v2\/comments?post=3922"}],"version-history":[{"count":4,"href":"https:\/\/www.lisegarguil.com\/blog\/wp-json\/wp\/v2\/posts\/3922\/revisions"}],"predecessor-version":[{"id":4504,"href":"https:\/\/www.lisegarguil.com\/blog\/wp-json\/wp\/v2\/posts\/3922\/revisions\/4504"}],"wp:attachment":[{"href":"https:\/\/www.lisegarguil.com\/blog\/wp-json\/wp\/v2\/media?parent=3922"}],"wp:term":[{"taxonomy":"category","embeddable":true,"href":"https:\/\/www.lisegarguil.com\/blog\/wp-json\/wp\/v2\/categories?post=3922"},{"taxonomy":"post_tag","embeddable":true,"href":"https:\/\/www.lisegarguil.com\/blog\/wp-json\/wp\/v2\/tags?post=3922"}],"curies":[{"name":"wp","href":"https:\/\/api.w.org\/{rel}","templated":true}]}}