{"id":3232,"date":"2014-01-12T14:23:03","date_gmt":"2014-01-12T14:23:03","guid":{"rendered":"http:\/\/www.lisegarguil.com\/blog\/?p=3232"},"modified":"2014-01-12T14:23:55","modified_gmt":"2014-01-12T14:23:55","slug":"photographe-nouveau-ne-bebe-vendee-85","status":"publish","type":"post","link":"https:\/\/www.lisegarguil.com\/blog\/2014\/01\/photographe-nouveau-ne-bebe-vendee-85\/","title":{"rendered":"S\u00e9ance nouveau-n\u00e9 | Tiago"},"content":{"rendered":"<p style=\"text-align: justify;\">Tiago avait tout juste 13 jours lors de sa s\u00e9ance photo. Ce petit bout a \u00e9t\u00e9 adorable, tout comme sa famille qui m&rsquo;a accueilli ce jour l\u00e0. Merci beaucoup \u00e0 eux de me laisser partager leur s\u00e9ance avec vous. C&rsquo;est gr\u00e2ce \u00e0 ces partages que je peux continuer \u00e0 me d\u00e9velopper.<\/p>\n<p><img loading=\"lazy\" decoding=\"async\" class=\"pp-insert-all size-full aligncenter\" alt=\"\" src=\"https:\/\/www.lisegarguil.com\/blog\/wp-content\/uploads\/211213_lise-garguil-photographie_nouveau-ne_tiago_211213_06.jpg\" width=\"900\" height=\"596\" \/><img loading=\"lazy\" decoding=\"async\" class=\"pp-insert-all size-full aligncenter\" alt=\"\" src=\"https:\/\/www.lisegarguil.com\/blog\/wp-content\/uploads\/211213_lise-garguil-photographie_nouveau-ne_tiago_211213_16.jpg\" width=\"900\" height=\"596\" \/><img loading=\"lazy\" decoding=\"async\" class=\"pp-insert-all size-full aligncenter\" alt=\"\" src=\"https:\/\/www.lisegarguil.com\/blog\/wp-content\/uploads\/211213_lise-garguil-photographie_nouveau-ne_tiago_211213_21.jpg\" width=\"900\" height=\"596\" \/><img loading=\"lazy\" decoding=\"async\" class=\"pp-insert-all size-full aligncenter\" alt=\"\" src=\"https:\/\/www.lisegarguil.com\/blog\/wp-content\/uploads\/211213_lise-garguil-photographie_nouveau-ne_tiago_211213_22-nb.jpg\" width=\"900\" height=\"596\" \/><img loading=\"lazy\" decoding=\"async\" class=\"pp-insert-all size-full aligncenter\" alt=\"\" src=\"https:\/\/www.lisegarguil.com\/blog\/wp-content\/uploads\/211213_lise-garguil-photographie_nouveau-ne_tiago_211213_25.jpg\" width=\"900\" height=\"596\" \/><img loading=\"lazy\" decoding=\"async\" class=\"pp-insert-all size-full aligncenter\" alt=\"\" src=\"https:\/\/www.lisegarguil.com\/blog\/wp-content\/uploads\/211213_lise-garguil-photographie_nouveau-ne_tiago_211213_27-nb.jpg\" width=\"900\" height=\"600\" \/><img loading=\"lazy\" decoding=\"async\" class=\"pp-insert-all size-full aligncenter\" alt=\"\" src=\"https:\/\/www.lisegarguil.com\/blog\/wp-content\/uploads\/211213_lise-garguil-photographie_nouveau-ne_tiago_211213_33.jpg\" width=\"900\" height=\"600\" \/><img loading=\"lazy\" decoding=\"async\" class=\"pp-insert-all size-full aligncenter\" alt=\"\" src=\"https:\/\/www.lisegarguil.com\/blog\/wp-content\/uploads\/211213_lise-garguil-photographie_nouveau-ne_tiago_211213_35.jpg\" width=\"900\" height=\"600\" \/><img loading=\"lazy\" decoding=\"async\" class=\"pp-insert-all size-full aligncenter\" alt=\"\" src=\"https:\/\/www.lisegarguil.com\/blog\/wp-content\/uploads\/211213_lise-garguil-photographie_nouveau-ne_tiago_211213_36.jpg\" width=\"900\" height=\"600\" \/><img loading=\"lazy\" decoding=\"async\" class=\"pp-insert-all size-full aligncenter\" alt=\"\" src=\"https:\/\/www.lisegarguil.com\/blog\/wp-content\/uploads\/211213_lise-garguil-photographie_nouveau-ne_tiago_211213_37-nb.jpg\" width=\"900\" height=\"596\" \/><img loading=\"lazy\" decoding=\"async\" class=\"pp-insert-all size-full aligncenter\" alt=\"\" src=\"https:\/\/www.lisegarguil.com\/blog\/wp-content\/uploads\/211213_lise-garguil-photographie_nouveau-ne_tiago_211213_43.jpg\" width=\"900\" height=\"600\" \/><img loading=\"lazy\" decoding=\"async\" class=\"pp-insert-all size-full aligncenter\" alt=\"\" src=\"https:\/\/www.lisegarguil.com\/blog\/wp-content\/uploads\/211213_lise-garguil-photographie_nouveau-ne_tiago_dsc_5577-comp.jpg\" width=\"900\" height=\"600\" \/><img loading=\"lazy\" decoding=\"async\" class=\"pp-insert-all size-full aligncenter\" alt=\"\" src=\"https:\/\/www.lisegarguil.com\/blog\/wp-content\/uploads\/211213_lise-garguil-photographie_nouveau-ne_tiago_211213_41-nb.jpg\" width=\"900\" height=\"675\" \/><img loading=\"lazy\" decoding=\"async\" class=\"pp-insert-all size-full aligncenter\" alt=\"\" src=\"https:\/\/www.lisegarguil.com\/blog\/wp-content\/uploads\/211213_lise-garguil-photographie_nouveau-ne_tiago_dsc_5614-copie.jpg\" width=\"900\" height=\"600\" \/><img loading=\"lazy\" decoding=\"async\" class=\"pp-insert-all size-full aligncenter\" alt=\"\" src=\"https:\/\/www.lisegarguil.com\/blog\/wp-content\/uploads\/211213_lise-garguil-photographie_nouveau-ne_tiago_211213_49-nb.jpg\" width=\"900\" height=\"600\" \/><img loading=\"lazy\" decoding=\"async\" class=\"pp-insert-all size-full aligncenter\" alt=\"\" src=\"https:\/\/www.lisegarguil.com\/blog\/wp-content\/uploads\/211213_lise-garguil-photographie_nouveau-ne_tiago_211213_58.jpg\" width=\"900\" height=\"600\" \/><img loading=\"lazy\" decoding=\"async\" class=\"pp-insert-all size-full aligncenter\" alt=\"\" src=\"https:\/\/www.lisegarguil.com\/blog\/wp-content\/uploads\/211213_lise-garguil-photographie_nouveau-ne_tiago_211213_61-nb.jpg\" width=\"900\" height=\"600\" \/><img loading=\"lazy\" decoding=\"async\" class=\"pp-insert-all size-full aligncenter\" alt=\"\" src=\"https:\/\/www.lisegarguil.com\/blog\/wp-content\/uploads\/211213_lise-garguil-photographie_nouveau-ne_tiago_211213_68-nb.jpg\" width=\"900\" height=\"600\" \/><\/p>\n","protected":false},"excerpt":{"rendered":"<p>Tiago avait tout juste 13 jours lors de sa s\u00e9ance photo. Ce petit bout a \u00e9t\u00e9 adorable, tout comme sa famille qui m&rsquo;a accueilli ce jour l\u00e0. Merci beaucoup \u00e0 eux de me laisser partager leur s\u00e9ance avec vous. C&rsquo;est gr\u00e2ce \u00e0 ces partages que je peux continuer \u00e0 me d\u00e9velopper.<\/p>\n","protected":false},"author":1,"featured_media":0,"comment_status":"open","ping_status":"open","sticky":false,"template":"","format":"standard","meta":{"pp_embeds":"","footnotes":""},"categories":[39],"tags":[402,422,298,394,388,395,421,443,441,415,419,444,180,22,205,284,23,97,200,27,199,423,424,442],"class_list":["post-3232","post","type-post","status-publish","format-standard","hentry","category-nouveau-nes","tag-402","tag-accessoires-2","tag-carte-cadeau-photographe-vendee","tag-champ-st-pere","tag-lucon","tag-mareuil-sur-lay","tag-mise-en-scene","tag-nallier","tag-nesmy","tag-nourrisson","tag-nouveau-ne","tag-petosse","tag-photographe-bebe-la-roche-sur-yon","tag-photographe-bebe-vendee","tag-photographe-naissance-vendee","tag-photographe-nourrisson-vendee","tag-photographe-nouveau-ne-vendee","tag-photographe-nouveau-ne-la-roche-sur-yon","tag-photographe-nouveau-ne-la-rochelle","tag-seance-photo-bebe","tag-seance-photo-nouveau-ne-vendee","tag-specialise","tag-specialiste","tag-st-vincent-sur-graon"],"_links":{"self":[{"href":"https:\/\/www.lisegarguil.com\/blog\/wp-json\/wp\/v2\/posts\/3232","targetHints":{"allow":["GET"]}}],"collection":[{"href":"https:\/\/www.lisegarguil.com\/blog\/wp-json\/wp\/v2\/posts"}],"about":[{"href":"https:\/\/www.lisegarguil.com\/blog\/wp-json\/wp\/v2\/types\/post"}],"author":[{"embeddable":true,"href":"https:\/\/www.lisegarguil.com\/blog\/wp-json\/wp\/v2\/users\/1"}],"replies":[{"embeddable":true,"href":"https:\/\/www.lisegarguil.com\/blog\/wp-json\/wp\/v2\/comments?post=3232"}],"version-history":[{"count":1,"href":"https:\/\/www.lisegarguil.com\/blog\/wp-json\/wp\/v2\/posts\/3232\/revisions"}],"predecessor-version":[{"id":3253,"href":"https:\/\/www.lisegarguil.com\/blog\/wp-json\/wp\/v2\/posts\/3232\/revisions\/3253"}],"wp:attachment":[{"href":"https:\/\/www.lisegarguil.com\/blog\/wp-json\/wp\/v2\/media?parent=3232"}],"wp:term":[{"taxonomy":"category","embeddable":true,"href":"https:\/\/www.lisegarguil.com\/blog\/wp-json\/wp\/v2\/categories?post=3232"},{"taxonomy":"post_tag","embeddable":true,"href":"https:\/\/www.lisegarguil.com\/blog\/wp-json\/wp\/v2\/tags?post=3232"}],"curies":[{"name":"wp","href":"https:\/\/api.w.org\/{rel}","templated":true}]}}