{"id":3185,"date":"2013-11-30T13:23:18","date_gmt":"2013-11-30T13:23:18","guid":{"rendered":"http:\/\/www.lisegarguil.com\/blog\/?p=3185"},"modified":"2013-11-30T13:23:18","modified_gmt":"2013-11-30T13:23:18","slug":"photographe-bebe-vendee-a-domicile-studio","status":"publish","type":"post","link":"https:\/\/www.lisegarguil.com\/blog\/2013\/11\/photographe-bebe-vendee-a-domicile-studio\/","title":{"rendered":"S\u00e9ance b\u00e9b\u00e9 | Nolla 6 mois"},"content":{"rendered":"<p style=\"text-align: justify;\">Pour \u00e9viter d&rsquo;\u00eatre associ\u00e9e \u00e0 la fameuse expression \u00ab\u00a0ce sont toujours les cordonniers les plus mal chauss\u00e9s\u00a0\u00bb, je m&rsquo;applique \u00e0 photographier r\u00e9guli\u00e8rement le mini-mod\u00e8le qui vit chez moi. D\u00e9j\u00e0 deux mois de pass\u00e9s depuis cette petite s\u00e9ance, ma fille a aujourd&rsquo;hui 8 mois, tiens assise et \u00e0 sa premi\u00e8re dent. J&rsquo;ai l&rsquo;impression que le temps file entre mes doigts. \u00c7a me rends nostalgique de voir ces photos, un peu triste m\u00eame, mais elles me rappellent aussi de profiter de chaque instant et finalement c&rsquo;est aussi \u00e7a l&rsquo;utilit\u00e9 d&rsquo;une photographie.<img loading=\"lazy\" decoding=\"async\" class=\"pp-insert-all size-full aligncenter\" alt=\"\" src=\"https:\/\/www.lisegarguil.com\/blog\/wp-content\/uploads\/DSC_00242.jpg\" width=\"900\" height=\"603\" \/><img loading=\"lazy\" decoding=\"async\" class=\"pp-insert-all size-full aligncenter\" alt=\"\" src=\"https:\/\/www.lisegarguil.com\/blog\/wp-content\/uploads\/dsc_3671.jpg\" width=\"900\" height=\"674\" \/><img loading=\"lazy\" decoding=\"async\" class=\"pp-insert-all size-full aligncenter\" alt=\"\" src=\"https:\/\/www.lisegarguil.com\/blog\/wp-content\/uploads\/dsc_3661.jpg\" width=\"900\" height=\"603\" \/><img loading=\"lazy\" decoding=\"async\" class=\"pp-insert-all size-full aligncenter\" alt=\"\" src=\"https:\/\/www.lisegarguil.com\/blog\/wp-content\/uploads\/dsc_3663.jpg\" width=\"900\" height=\"603\" \/><img loading=\"lazy\" decoding=\"async\" class=\"pp-insert-all size-full aligncenter\" alt=\"\" src=\"https:\/\/www.lisegarguil.com\/blog\/wp-content\/uploads\/dsc_3672.jpg\" width=\"900\" height=\"603\" \/><img loading=\"lazy\" decoding=\"async\" class=\"pp-insert-all size-full aligncenter\" alt=\"\" src=\"https:\/\/www.lisegarguil.com\/blog\/wp-content\/uploads\/dsc_3673.jpg\" width=\"900\" height=\"603\" \/><img loading=\"lazy\" decoding=\"async\" class=\"pp-insert-all size-full aligncenter\" alt=\"\" src=\"https:\/\/www.lisegarguil.com\/blog\/wp-content\/uploads\/dsc_3678.jpg\" width=\"900\" height=\"603\" \/><img loading=\"lazy\" decoding=\"async\" class=\"pp-insert-all size-full aligncenter\" alt=\"\" src=\"https:\/\/www.lisegarguil.com\/blog\/wp-content\/uploads\/dsc_3679.jpg\" width=\"900\" height=\"674\" \/><img loading=\"lazy\" decoding=\"async\" class=\"pp-insert-all size-full aligncenter\" alt=\"\" src=\"https:\/\/www.lisegarguil.com\/blog\/wp-content\/uploads\/dsc_3681.jpg\" width=\"900\" height=\"603\" \/><img loading=\"lazy\" decoding=\"async\" class=\"pp-insert-all size-full aligncenter\" alt=\"\" src=\"https:\/\/www.lisegarguil.com\/blog\/wp-content\/uploads\/dsc_3693.jpg\" width=\"900\" height=\"603\" \/><\/p>\n","protected":false},"excerpt":{"rendered":"<p>Pour \u00e9viter d&rsquo;\u00eatre associ\u00e9e \u00e0 la fameuse expression \u00ab\u00a0ce sont toujours les cordonniers les plus mal chauss\u00e9s\u00a0\u00bb, je m&rsquo;applique \u00e0 photographier r\u00e9guli\u00e8rement le mini-mod\u00e8le qui vit chez moi. D\u00e9j\u00e0 deux mois de pass\u00e9s depuis cette petite s\u00e9ance, ma fille a aujourd&rsquo;hui 8 mois, tiens assise et \u00e0 sa premi\u00e8re dent. J&rsquo;ai l&rsquo;impression que le temps...<\/p>\n","protected":false},"author":1,"featured_media":0,"comment_status":"open","ping_status":"open","sticky":false,"template":"","format":"standard","meta":{"pp_embeds":"","footnotes":""},"categories":[3],"tags":[401,402,411,410,394,399,398,388,395,22,418,423,424],"class_list":["post-3185","post","type-post","status-publish","format-standard","hentry","category-bebe","tag-401","tag-402","tag-a-domicile","tag-bebe-2","tag-champ-st-pere","tag-la-roche-sur-yon","tag-la-rochelle","tag-lucon","tag-mareuil-sur-lay","tag-photographe-bebe-vendee","tag-photographie","tag-specialise","tag-specialiste"],"_links":{"self":[{"href":"https:\/\/www.lisegarguil.com\/blog\/wp-json\/wp\/v2\/posts\/3185","targetHints":{"allow":["GET"]}}],"collection":[{"href":"https:\/\/www.lisegarguil.com\/blog\/wp-json\/wp\/v2\/posts"}],"about":[{"href":"https:\/\/www.lisegarguil.com\/blog\/wp-json\/wp\/v2\/types\/post"}],"author":[{"embeddable":true,"href":"https:\/\/www.lisegarguil.com\/blog\/wp-json\/wp\/v2\/users\/1"}],"replies":[{"embeddable":true,"href":"https:\/\/www.lisegarguil.com\/blog\/wp-json\/wp\/v2\/comments?post=3185"}],"version-history":[{"count":1,"href":"https:\/\/www.lisegarguil.com\/blog\/wp-json\/wp\/v2\/posts\/3185\/revisions"}],"predecessor-version":[{"id":3196,"href":"https:\/\/www.lisegarguil.com\/blog\/wp-json\/wp\/v2\/posts\/3185\/revisions\/3196"}],"wp:attachment":[{"href":"https:\/\/www.lisegarguil.com\/blog\/wp-json\/wp\/v2\/media?parent=3185"}],"wp:term":[{"taxonomy":"category","embeddable":true,"href":"https:\/\/www.lisegarguil.com\/blog\/wp-json\/wp\/v2\/categories?post=3185"},{"taxonomy":"post_tag","embeddable":true,"href":"https:\/\/www.lisegarguil.com\/blog\/wp-json\/wp\/v2\/tags?post=3185"}],"curies":[{"name":"wp","href":"https:\/\/api.w.org\/{rel}","templated":true}]}}