{"id":3148,"date":"2013-11-30T11:44:56","date_gmt":"2013-11-30T11:44:56","guid":{"rendered":"http:\/\/www.lisegarguil.com\/blog\/?p=3148"},"modified":"2013-11-30T13:59:19","modified_gmt":"2013-11-30T13:59:19","slug":"photographe-nouveau-ne-bebe-vendee","status":"publish","type":"post","link":"https:\/\/www.lisegarguil.com\/blog\/2013\/11\/photographe-nouveau-ne-bebe-vendee\/","title":{"rendered":"S\u00e9ance nouveau-n\u00e9 | Ambroise"},"content":{"rendered":"<p style=\"text-align: justify;\">Je vous pr\u00e9sente Ambroise, 9 jours lors de la s\u00e9ance. Vous l&rsquo;aviez d\u00e9j\u00e0 rencontr\u00e9 lors de la s\u00e9ance grossesse de ses parents, souvenez-vous <a title=\"S\u00e9ance futurs parents | Chlo\u00e9&amp;Pierre\" href=\"https:\/\/www.lisegarguil.com\/blog\/2013\/11\/seance-futurs-parents-chloepierre\/\" target=\"_blank\">ici<\/a>. Une s\u00e9ance sportive car b\u00e9b\u00e9 n&rsquo;a jamais voulu dormir (si si \u00e0 la toute fin de s\u00e9ance, un fois mon mat\u00e9riel rang\u00e9 :P ), et m\u00eame \u00e9veill\u00e9, \u00eatre loin de maman n&rsquo;\u00e9tait pas acceptable ;) Sachez que \u00e7a peut arriver \u00e0 n&rsquo;importe quel b\u00e9b\u00e9, et il en faudrait plus pour me d\u00e9courager, et avec l&rsquo;aide de sa maman nous avons finalement r\u00e9ussi \u00e0 produire de jolies images.<\/p>\n<p><img loading=\"lazy\" decoding=\"async\" class=\"aligncenter\" title=\"Lise-garguil-photographe-nouveau-ne-nourrisson-vendee-ambroise-13-11-13 (3)\" alt=\"\" src=\"https:\/\/www.lisegarguil.com\/blog\/wp-content\/uploads\/Lise-garguil-photographe-nouveau-ne-nourrisson-vendee-ambroise-13-11-13-3.jpg\" width=\"900\" height=\"596\" \/><img loading=\"lazy\" decoding=\"async\" class=\"pp-insert-all size-full aligncenter\" title=\"Lise-garguil-photographe-nouveau-ne-nourrisson-vendee-ambroise-13-11-13 (13)\" alt=\"\" src=\"https:\/\/www.lisegarguil.com\/blog\/wp-content\/uploads\/Lise-garguil-photographe-nouveau-ne-nourrisson-vendee-ambroise-13-11-13-13.jpg\" width=\"900\" height=\"596\" \/><img loading=\"lazy\" decoding=\"async\" class=\"pp-insert-all size-full aligncenter\" title=\"Lise-garguil-photographe-nouveau-ne-nourrisson-vendee-ambroise-13-11-13 (2)\" alt=\"\" src=\"https:\/\/www.lisegarguil.com\/blog\/wp-content\/uploads\/Lise-garguil-photographe-nouveau-ne-nourrisson-vendee-ambroise-13-11-13-2.jpg\" width=\"900\" height=\"596\" \/><img loading=\"lazy\" decoding=\"async\" class=\"pp-insert-all size-full aligncenter\" title=\"Lise-garguil-photographe-nouveau-ne-nourrisson-vendee-ambroise-13-11-13 (7)\" alt=\"\" src=\"https:\/\/www.lisegarguil.com\/blog\/wp-content\/uploads\/Lise-garguil-photographe-nouveau-ne-nourrisson-vendee-ambroise-13-11-13-7.jpg\" width=\"900\" height=\"600\" \/><img loading=\"lazy\" decoding=\"async\" class=\"pp-insert-all size-full aligncenter\" title=\"Lise-garguil-photographe-nouveau-ne-nourrisson-vendee-ambroise-13-11-13 (8)\" alt=\"\" src=\"https:\/\/www.lisegarguil.com\/blog\/wp-content\/uploads\/Lise-garguil-photographe-nouveau-ne-nourrisson-vendee-ambroise-13-11-13-8.jpg\" width=\"900\" height=\"600\" \/><img loading=\"lazy\" decoding=\"async\" class=\"pp-insert-all size-full aligncenter\" title=\"Lise-garguil-photographe-nouveau-ne-nourrisson-vendee-ambroise-13-11-13 (9)\" alt=\"\" src=\"https:\/\/www.lisegarguil.com\/blog\/wp-content\/uploads\/Lise-garguil-photographe-nouveau-ne-nourrisson-vendee-ambroise-13-11-13-9.jpg\" width=\"900\" height=\"600\" \/><img loading=\"lazy\" decoding=\"async\" class=\"pp-insert-all size-full aligncenter\" title=\"Lise-garguil-photographe-nouveau-ne-nourrisson-vendee-ambroise-13-11-13 (11)\" alt=\"\" src=\"https:\/\/www.lisegarguil.com\/blog\/wp-content\/uploads\/Lise-garguil-photographe-nouveau-ne-nourrisson-vendee-ambroise-13-11-13-11.jpg\" width=\"900\" height=\"596\" \/><img loading=\"lazy\" decoding=\"async\" class=\"pp-insert-all size-full aligncenter\" title=\"Lise-garguil-photographe-nouveau-ne-nourrisson-vendee-ambroise-13-11-13 (12)\" alt=\"\" src=\"https:\/\/www.lisegarguil.com\/blog\/wp-content\/uploads\/Lise-garguil-photographe-nouveau-ne-nourrisson-vendee-ambroise-13-11-13-12.jpg\" width=\"900\" height=\"596\" \/><img loading=\"lazy\" decoding=\"async\" class=\"pp-insert-all size-full aligncenter\" title=\"Lise-garguil-photographe-nouveau-ne-nourrisson-vendee-ambroise-13-11-13 (4)\" alt=\"\" src=\"https:\/\/www.lisegarguil.com\/blog\/wp-content\/uploads\/Lise-garguil-photographe-nouveau-ne-nourrisson-vendee-ambroise-13-11-13-4.jpg\" width=\"900\" height=\"414\" \/><img loading=\"lazy\" decoding=\"async\" class=\"pp-insert-all size-full aligncenter\" title=\"Lise-garguil-photographe-nouveau-ne-nourrisson-vendee-ambroise-13-11-13 (14)\" alt=\"\" src=\"https:\/\/www.lisegarguil.com\/blog\/wp-content\/uploads\/Lise-garguil-photographe-nouveau-ne-nourrisson-vendee-ambroise-13-11-13-14.jpg\" width=\"900\" height=\"600\" \/><img loading=\"lazy\" decoding=\"async\" class=\"pp-insert-all size-full aligncenter\" title=\"Lise-garguil-photographe-nouveau-ne-nourrisson-vendee-ambroise-13-11-13 (15)\" alt=\"\" src=\"https:\/\/www.lisegarguil.com\/blog\/wp-content\/uploads\/Lise-garguil-photographe-nouveau-ne-nourrisson-vendee-ambroise-13-11-13-15.jpg\" width=\"900\" height=\"600\" \/><img loading=\"lazy\" decoding=\"async\" class=\"pp-insert-all size-full aligncenter\" title=\"Lise-garguil-photographe-nouveau-ne-nourrisson-vendee-ambroise-13-11-13 (16)\" alt=\"\" src=\"https:\/\/www.lisegarguil.com\/blog\/wp-content\/uploads\/Lise-garguil-photographe-nouveau-ne-nourrisson-vendee-ambroise-13-11-13-16.jpg\" width=\"900\" height=\"596\" \/><img loading=\"lazy\" decoding=\"async\" class=\"pp-insert-all size-full aligncenter\" title=\"Lise-garguil-photographe-nouveau-ne-nourrisson-vendee-ambroise-13-11-13 (19)\" alt=\"\" src=\"https:\/\/www.lisegarguil.com\/blog\/wp-content\/uploads\/Lise-garguil-photographe-nouveau-ne-nourrisson-vendee-ambroise-13-11-13-19.jpg\" width=\"900\" height=\"414\" \/><\/p>\n","protected":false},"excerpt":{"rendered":"<p>Je vous pr\u00e9sente Ambroise, 9 jours lors de la s\u00e9ance. Vous l&rsquo;aviez d\u00e9j\u00e0 rencontr\u00e9 lors de la s\u00e9ance grossesse de ses parents, souvenez-vous ici. Une s\u00e9ance sportive car b\u00e9b\u00e9 n&rsquo;a jamais voulu dormir (si si \u00e0 la toute fin de s\u00e9ance, un fois mon mat\u00e9riel rang\u00e9 :P ), et m\u00eame \u00e9veill\u00e9, \u00eatre loin de maman...<\/p>\n","protected":false},"author":1,"featured_media":0,"comment_status":"open","ping_status":"open","sticky":false,"template":"","format":"standard","meta":{"pp_embeds":"","footnotes":""},"categories":[39],"tags":[401,403,402,410,393,394,386,399,398,388,389,417,415,23,423,424],"class_list":["post-3148","post","type-post","status-publish","format-standard","hentry","category-nouveau-nes","tag-401","tag-403","tag-402","tag-bebe-2","tag-bournezeau","tag-champ-st-pere","tag-fontenay-le-comte","tag-la-roche-sur-yon","tag-la-rochelle","tag-lucon","tag-maternite","tag-naissance","tag-nourrisson","tag-photographe-nouveau-ne-vendee","tag-specialise","tag-specialiste"],"_links":{"self":[{"href":"https:\/\/www.lisegarguil.com\/blog\/wp-json\/wp\/v2\/posts\/3148","targetHints":{"allow":["GET"]}}],"collection":[{"href":"https:\/\/www.lisegarguil.com\/blog\/wp-json\/wp\/v2\/posts"}],"about":[{"href":"https:\/\/www.lisegarguil.com\/blog\/wp-json\/wp\/v2\/types\/post"}],"author":[{"embeddable":true,"href":"https:\/\/www.lisegarguil.com\/blog\/wp-json\/wp\/v2\/users\/1"}],"replies":[{"embeddable":true,"href":"https:\/\/www.lisegarguil.com\/blog\/wp-json\/wp\/v2\/comments?post=3148"}],"version-history":[{"count":5,"href":"https:\/\/www.lisegarguil.com\/blog\/wp-json\/wp\/v2\/posts\/3148\/revisions"}],"predecessor-version":[{"id":3201,"href":"https:\/\/www.lisegarguil.com\/blog\/wp-json\/wp\/v2\/posts\/3148\/revisions\/3201"}],"wp:attachment":[{"href":"https:\/\/www.lisegarguil.com\/blog\/wp-json\/wp\/v2\/media?parent=3148"}],"wp:term":[{"taxonomy":"category","embeddable":true,"href":"https:\/\/www.lisegarguil.com\/blog\/wp-json\/wp\/v2\/categories?post=3148"},{"taxonomy":"post_tag","embeddable":true,"href":"https:\/\/www.lisegarguil.com\/blog\/wp-json\/wp\/v2\/tags?post=3148"}],"curies":[{"name":"wp","href":"https:\/\/api.w.org\/{rel}","templated":true}]}}