{"id":3047,"date":"2013-11-18T19:09:15","date_gmt":"2013-11-18T19:09:15","guid":{"rendered":"http:\/\/www.lisegarguil.com\/blog\/?p=3047"},"modified":"2013-11-18T19:10:00","modified_gmt":"2013-11-18T19:10:00","slug":"photographe-famille-vendee-piquet","status":"publish","type":"post","link":"https:\/\/www.lisegarguil.com\/blog\/2013\/11\/photographe-famille-vendee-piquet\/","title":{"rendered":"S\u00e9ance famille | Jenny et les siens"},"content":{"rendered":"<p style=\"text-align: justify;\">Jenny est <a href=\"http:\/\/www.jennymphotographie.com\/\" target=\"_blank\">photographe<\/a>, et tout comme <a title=\"S\u00e9ance futurs parents | Marion&amp;Franck\" href=\"https:\/\/www.lisegarguil.com\/blog\/2013\/10\/photographe-grossesse-vendee-plage-exterieur-future-maman-maternite\/\" target=\"_blank\">Marion<\/a>, c&rsquo;est lors de mon retour en Vend\u00e9e que j&rsquo;ai eu la chance de la rencontrer. Une personne que j&rsquo;aime beaucoup et avec qui on peut parler de tout et de rien, mais aussi de photos pendant des heures, et \u00e7a, \u00e7a fait du bien ;) Je les ai accompagn\u00e9, elle et sa famille durant une balade fun et dynamique dans l&rsquo;un des coins les plus paradisiaque du d\u00e9partement; Piquet. Une s\u00e9ance, je penses, \u00e0 leur image que j&rsquo;ai ador\u00e9 faire! Merci Jenny :)<\/p>\n<p><img loading=\"lazy\" decoding=\"async\" class=\"pp-insert-all size-full aligncenter\" title=\"lise garguil photographe famille vendee- jenny-02-10-13 (1)\" alt=\"\" src=\"https:\/\/www.lisegarguil.com\/blog\/wp-content\/uploads\/lise-garguil-photographe-famille-vendee-jenny-02-10-13-1.jpg\" width=\"900\" height=\"600\" \/><img loading=\"lazy\" decoding=\"async\" class=\"pp-insert-all size-full aligncenter\" title=\"lise garguil photographe famille vendee- jenny-02-10-13 (2)\" alt=\"\" src=\"https:\/\/www.lisegarguil.com\/blog\/wp-content\/uploads\/lise-garguil-photographe-famille-vendee-jenny-02-10-13-2.jpg\" width=\"900\" height=\"600\" \/><img loading=\"lazy\" decoding=\"async\" class=\"pp-insert-all size-full aligncenter\" title=\"lise garguil photographe famille vendee- jenny-02-10-13 (3)\" alt=\"\" src=\"https:\/\/www.lisegarguil.com\/blog\/wp-content\/uploads\/lise-garguil-photographe-famille-vendee-jenny-02-10-13-3.jpg\" width=\"900\" height=\"600\" \/><img loading=\"lazy\" decoding=\"async\" class=\"pp-insert-all size-full aligncenter\" title=\"lise garguil photographe famille vendee- jenny-02-10-13 (3)b\" alt=\"\" src=\"https:\/\/www.lisegarguil.com\/blog\/wp-content\/uploads\/lise-garguil-photographe-famille-vendee-jenny-02-10-13-3b.jpg\" width=\"900\" height=\"596\" \/><img loading=\"lazy\" decoding=\"async\" class=\"pp-insert-all size-full aligncenter\" title=\"lise garguil photographe famille vendee- jenny-02-10-13 (4)\" alt=\"\" src=\"https:\/\/www.lisegarguil.com\/blog\/wp-content\/uploads\/lise-garguil-photographe-famille-vendee-jenny-02-10-13-4.jpg\" width=\"900\" height=\"600\" \/><img loading=\"lazy\" decoding=\"async\" class=\"pp-insert-all size-full aligncenter\" title=\"lise garguil photographe famille vendee- jenny-02-10-13 (6)\" alt=\"\" src=\"https:\/\/www.lisegarguil.com\/blog\/wp-content\/uploads\/lise-garguil-photographe-famille-vendee-jenny-02-10-13-6.jpg\" width=\"900\" height=\"600\" \/><img loading=\"lazy\" decoding=\"async\" class=\"pp-insert-all size-full aligncenter\" title=\"lise garguil photographe famille vendee- jenny-02-10-13 (7)\" alt=\"\" src=\"https:\/\/www.lisegarguil.com\/blog\/wp-content\/uploads\/lise-garguil-photographe-famille-vendee-jenny-02-10-13-7.jpg\" width=\"900\" height=\"600\" \/><img loading=\"lazy\" decoding=\"async\" class=\"pp-insert-all size-full aligncenter\" title=\"lise garguil photographe famille vendee- jenny-02-10-13 (8)\" alt=\"\" src=\"https:\/\/www.lisegarguil.com\/blog\/wp-content\/uploads\/lise-garguil-photographe-famille-vendee-jenny-02-10-13-8.jpg\" width=\"900\" height=\"600\" \/><img loading=\"lazy\" decoding=\"async\" class=\"pp-insert-all size-full aligncenter\" title=\"lise garguil photographe famille vendee- jenny-02-10-13 (9)\" alt=\"\" src=\"https:\/\/www.lisegarguil.com\/blog\/wp-content\/uploads\/lise-garguil-photographe-famille-vendee-jenny-02-10-13-9.jpg\" width=\"900\" height=\"600\" \/><img loading=\"lazy\" decoding=\"async\" class=\"pp-insert-all size-full aligncenter\" title=\"lise garguil photographe famille vendee- jenny-02-10-13 (10)\" alt=\"\" src=\"https:\/\/www.lisegarguil.com\/blog\/wp-content\/uploads\/lise-garguil-photographe-famille-vendee-jenny-02-10-13-10.jpg\" width=\"900\" height=\"600\" \/><img loading=\"lazy\" decoding=\"async\" class=\"pp-insert-all size-full aligncenter\" title=\"lise garguil photographe famille vendee- jenny-02-10-13 (11)\" alt=\"\" src=\"https:\/\/www.lisegarguil.com\/blog\/wp-content\/uploads\/lise-garguil-photographe-famille-vendee-jenny-02-10-13-11.jpg\" width=\"900\" height=\"600\" \/><img loading=\"lazy\" decoding=\"async\" class=\"pp-insert-all size-full aligncenter\" title=\"lise garguil photographe famille vendee- jenny-02-10-13 (12)\" alt=\"\" src=\"https:\/\/www.lisegarguil.com\/blog\/wp-content\/uploads\/lise-garguil-photographe-famille-vendee-jenny-02-10-13-12.jpg\" width=\"900\" height=\"600\" \/><img loading=\"lazy\" decoding=\"async\" class=\"pp-insert-all size-full aligncenter\" title=\"lise garguil photographe famille vendee- jenny-02-10-13 (16)b\" alt=\"\" src=\"https:\/\/www.lisegarguil.com\/blog\/wp-content\/uploads\/lise-garguil-photographe-famille-vendee-jenny-02-10-13-16b.jpg\" width=\"900\" height=\"596\" \/><img loading=\"lazy\" decoding=\"async\" class=\"pp-insert-all size-full aligncenter\" title=\"lise garguil photographe famille vendee- jenny-02-10-13 (15)\" alt=\"\" src=\"https:\/\/www.lisegarguil.com\/blog\/wp-content\/uploads\/lise-garguil-photographe-famille-vendee-jenny-02-10-13-15.jpg\" width=\"900\" height=\"600\" \/><img loading=\"lazy\" decoding=\"async\" class=\"pp-insert-all size-full aligncenter\" title=\"lise garguil photographe famille vendee- jenny-02-10-13 (16)\" alt=\"\" src=\"https:\/\/www.lisegarguil.com\/blog\/wp-content\/uploads\/lise-garguil-photographe-famille-vendee-jenny-02-10-13-16.jpg\" width=\"900\" height=\"600\" \/><img loading=\"lazy\" decoding=\"async\" class=\"pp-insert-all size-full aligncenter\" title=\"lise garguil photographe famille vendee- jenny-02-10-13 (17)\" alt=\"\" src=\"https:\/\/www.lisegarguil.com\/blog\/wp-content\/uploads\/lise-garguil-photographe-famille-vendee-jenny-02-10-13-17.jpg\" width=\"900\" height=\"600\" \/><img loading=\"lazy\" decoding=\"async\" class=\"pp-insert-all size-full aligncenter\" title=\"lise garguil photographe famille vendee- jenny-02-10-13 (19)\" alt=\"\" src=\"https:\/\/www.lisegarguil.com\/blog\/wp-content\/uploads\/lise-garguil-photographe-famille-vendee-jenny-02-10-13-19.jpg\" width=\"900\" height=\"600\" \/><img loading=\"lazy\" decoding=\"async\" class=\"pp-insert-all size-full aligncenter\" title=\"lise garguil photographe famille vendee- jenny-02-10-13 (20)\" alt=\"\" src=\"https:\/\/www.lisegarguil.com\/blog\/wp-content\/uploads\/lise-garguil-photographe-famille-vendee-jenny-02-10-13-20.jpg\" width=\"900\" height=\"600\" \/><img loading=\"lazy\" decoding=\"async\" class=\"pp-insert-all size-full aligncenter\" title=\"lise garguil photographe famille vendee- jenny-02-10-13 (21)\" alt=\"\" src=\"https:\/\/www.lisegarguil.com\/blog\/wp-content\/uploads\/lise-garguil-photographe-famille-vendee-jenny-02-10-13-21.jpg\" width=\"900\" height=\"600\" \/><img loading=\"lazy\" decoding=\"async\" class=\"pp-insert-all size-full aligncenter\" title=\"lise garguil photographe famille vendee- jenny-02-10-13 (24)\" alt=\"\" src=\"https:\/\/www.lisegarguil.com\/blog\/wp-content\/uploads\/lise-garguil-photographe-famille-vendee-jenny-02-10-13-24.jpg\" width=\"900\" height=\"600\" \/><img loading=\"lazy\" decoding=\"async\" class=\"pp-insert-all size-full aligncenter\" title=\"lise garguil photographe famille vendee- jenny-02-10-13 (22)\" alt=\"\" src=\"https:\/\/www.lisegarguil.com\/blog\/wp-content\/uploads\/lise-garguil-photographe-famille-vendee-jenny-02-10-13-22.jpg\" width=\"900\" height=\"600\" \/><img loading=\"lazy\" decoding=\"async\" class=\"pp-insert-all size-full aligncenter\" title=\"lise garguil photographe famille vendee- jenny-02-10-13 (25)\" alt=\"\" src=\"https:\/\/www.lisegarguil.com\/blog\/wp-content\/uploads\/lise-garguil-photographe-famille-vendee-jenny-02-10-13-25.jpg\" width=\"900\" height=\"675\" \/><img loading=\"lazy\" decoding=\"async\" class=\"pp-insert-all size-full aligncenter\" title=\"lise garguil photographe famille vendee- jenny-02-10-13 (27)\" alt=\"\" src=\"https:\/\/www.lisegarguil.com\/blog\/wp-content\/uploads\/lise-garguil-photographe-famille-vendee-jenny-02-10-13-27.jpg\" width=\"900\" height=\"600\" \/><img loading=\"lazy\" decoding=\"async\" class=\"pp-insert-all size-full aligncenter\" title=\"lise garguil photographe famille vendee- jenny-02-10-13 (28)\" alt=\"\" src=\"https:\/\/www.lisegarguil.com\/blog\/wp-content\/uploads\/lise-garguil-photographe-famille-vendee-jenny-02-10-13-28.jpg\" width=\"900\" height=\"600\" \/><img loading=\"lazy\" decoding=\"async\" class=\"pp-insert-all size-full aligncenter\" title=\"lise garguil photographe famille vendee- jenny-02-10-13 (30)\" alt=\"\" src=\"https:\/\/www.lisegarguil.com\/blog\/wp-content\/uploads\/lise-garguil-photographe-famille-vendee-jenny-02-10-13-30.jpg\" width=\"900\" height=\"600\" \/><img loading=\"lazy\" decoding=\"async\" class=\"pp-insert-all size-full aligncenter\" title=\"lise garguil photographe famille vendee- jenny-02-10-13 (31)\" alt=\"\" src=\"https:\/\/www.lisegarguil.com\/blog\/wp-content\/uploads\/lise-garguil-photographe-famille-vendee-jenny-02-10-13-31.jpg\" width=\"900\" height=\"600\" \/><img loading=\"lazy\" decoding=\"async\" class=\"pp-insert-all size-full aligncenter\" title=\"lise garguil photographe famille vendee- jenny-02-10-13 (36)\" alt=\"\" src=\"https:\/\/www.lisegarguil.com\/blog\/wp-content\/uploads\/lise-garguil-photographe-famille-vendee-jenny-02-10-13-36.jpg\" width=\"900\" height=\"600\" \/><img loading=\"lazy\" decoding=\"async\" class=\"pp-insert-all size-full aligncenter\" title=\"lise garguil photographe famille vendee- jenny-02-10-13 (37)\" alt=\"\" src=\"https:\/\/www.lisegarguil.com\/blog\/wp-content\/uploads\/lise-garguil-photographe-famille-vendee-jenny-02-10-13-37.jpg\" width=\"900\" height=\"600\" \/><img loading=\"lazy\" decoding=\"async\" class=\"pp-insert-all size-full aligncenter\" title=\"lise garguil photographe famille vendee- jenny-02-10-13 (37)b\" alt=\"\" src=\"https:\/\/www.lisegarguil.com\/blog\/wp-content\/uploads\/lise-garguil-photographe-famille-vendee-jenny-02-10-13-37b.jpg\" width=\"900\" height=\"596\" \/><img loading=\"lazy\" decoding=\"async\" class=\"pp-insert-all size-full aligncenter\" title=\"lise garguil photographe famille vendee- jenny-02-10-13 (32)\" alt=\"\" src=\"https:\/\/www.lisegarguil.com\/blog\/wp-content\/uploads\/lise-garguil-photographe-famille-vendee-jenny-02-10-13-32.jpg\" width=\"900\" height=\"600\" \/><img loading=\"lazy\" decoding=\"async\" class=\"pp-insert-all size-full aligncenter\" title=\"lise garguil photographe famille vendee- jenny-02-10-13 (40)\" alt=\"\" src=\"https:\/\/www.lisegarguil.com\/blog\/wp-content\/uploads\/lise-garguil-photographe-famille-vendee-jenny-02-10-13-40.jpg\" width=\"900\" height=\"596\" \/><img loading=\"lazy\" decoding=\"async\" class=\"pp-insert-all size-full aligncenter\" title=\"lise garguil photographe famille vendee- jenny-02-10-13 (38)\" alt=\"\" src=\"https:\/\/www.lisegarguil.com\/blog\/wp-content\/uploads\/lise-garguil-photographe-famille-vendee-jenny-02-10-13-38.jpg\" width=\"900\" height=\"675\" \/><img loading=\"lazy\" decoding=\"async\" class=\"pp-insert-all size-full aligncenter\" title=\"lise garguil photographe famille vendee- jenny-02-10-13 (41)\" alt=\"\" src=\"https:\/\/www.lisegarguil.com\/blog\/wp-content\/uploads\/lise-garguil-photographe-famille-vendee-jenny-02-10-13-41.jpg\" width=\"900\" height=\"600\" \/><img loading=\"lazy\" decoding=\"async\" class=\"pp-insert-all size-full aligncenter\" title=\"lise garguil photographe famille vendee- jenny-02-10-13 (42)\" alt=\"\" src=\"https:\/\/www.lisegarguil.com\/blog\/wp-content\/uploads\/lise-garguil-photographe-famille-vendee-jenny-02-10-13-42.jpg\" width=\"900\" height=\"600\" \/><img loading=\"lazy\" decoding=\"async\" class=\"pp-insert-all size-full aligncenter\" title=\"lise garguil photographe famille vendee- jenny-02-10-13 (43)\" alt=\"\" src=\"https:\/\/www.lisegarguil.com\/blog\/wp-content\/uploads\/lise-garguil-photographe-famille-vendee-jenny-02-10-13-43.jpg\" width=\"900\" height=\"600\" \/><img loading=\"lazy\" decoding=\"async\" class=\"pp-insert-all size-full aligncenter\" title=\"lise garguil photographe famille vendee- jenny-02-10-13 (44)\" alt=\"\" src=\"https:\/\/www.lisegarguil.com\/blog\/wp-content\/uploads\/lise-garguil-photographe-famille-vendee-jenny-02-10-13-44.jpg\" width=\"900\" height=\"600\" \/><img loading=\"lazy\" decoding=\"async\" class=\"pp-insert-all size-full aligncenter\" title=\"lise garguil photographe famille vendee- jenny-02-10-13 (46)\" alt=\"\" src=\"https:\/\/www.lisegarguil.com\/blog\/wp-content\/uploads\/lise-garguil-photographe-famille-vendee-jenny-02-10-13-46.jpg\" width=\"900\" height=\"600\" \/><img loading=\"lazy\" decoding=\"async\" class=\"pp-insert-all size-full aligncenter\" title=\"lise garguil photographe famille vendee- jenny-02-10-13 (47)\" alt=\"\" src=\"https:\/\/www.lisegarguil.com\/blog\/wp-content\/uploads\/lise-garguil-photographe-famille-vendee-jenny-02-10-13-47.jpg\" width=\"900\" height=\"600\" \/><\/p>\n","protected":false},"excerpt":{"rendered":"<p>Jenny est photographe, et tout comme Marion, c&rsquo;est lors de mon retour en Vend\u00e9e que j&rsquo;ai eu la chance de la rencontrer. Une personne que j&rsquo;aime beaucoup et avec qui on peut parler de tout et de rien, mais aussi de photos pendant des heures, et \u00e7a, \u00e7a fait du bien ;) Je les ai...<\/p>\n","protected":false},"author":1,"featured_media":0,"comment_status":"open","ping_status":"open","sticky":false,"template":"","format":"standard","meta":{"pp_embeds":"","footnotes":""},"categories":[6],"tags":[401,403,402,413,399,398,388,30,414],"class_list":["post-3047","post","type-post","status-publish","format-standard","hentry","category-familles","tag-401","tag-403","tag-402","tag-en-exterieur","tag-la-roche-sur-yon","tag-la-rochelle","tag-lucon","tag-photographe-famille-vendee","tag-piquet"],"_links":{"self":[{"href":"https:\/\/www.lisegarguil.com\/blog\/wp-json\/wp\/v2\/posts\/3047","targetHints":{"allow":["GET"]}}],"collection":[{"href":"https:\/\/www.lisegarguil.com\/blog\/wp-json\/wp\/v2\/posts"}],"about":[{"href":"https:\/\/www.lisegarguil.com\/blog\/wp-json\/wp\/v2\/types\/post"}],"author":[{"embeddable":true,"href":"https:\/\/www.lisegarguil.com\/blog\/wp-json\/wp\/v2\/users\/1"}],"replies":[{"embeddable":true,"href":"https:\/\/www.lisegarguil.com\/blog\/wp-json\/wp\/v2\/comments?post=3047"}],"version-history":[{"count":2,"href":"https:\/\/www.lisegarguil.com\/blog\/wp-json\/wp\/v2\/posts\/3047\/revisions"}],"predecessor-version":[{"id":3103,"href":"https:\/\/www.lisegarguil.com\/blog\/wp-json\/wp\/v2\/posts\/3047\/revisions\/3103"}],"wp:attachment":[{"href":"https:\/\/www.lisegarguil.com\/blog\/wp-json\/wp\/v2\/media?parent=3047"}],"wp:term":[{"taxonomy":"category","embeddable":true,"href":"https:\/\/www.lisegarguil.com\/blog\/wp-json\/wp\/v2\/categories?post=3047"},{"taxonomy":"post_tag","embeddable":true,"href":"https:\/\/www.lisegarguil.com\/blog\/wp-json\/wp\/v2\/tags?post=3047"}],"curies":[{"name":"wp","href":"https:\/\/api.w.org\/{rel}","templated":true}]}}