{"id":2810,"date":"2013-10-11T20:47:48","date_gmt":"2013-10-11T20:47:48","guid":{"rendered":"http:\/\/www.lisegarguil.com\/blog\/?p=2810"},"modified":"2013-10-11T21:02:47","modified_gmt":"2013-10-11T21:02:47","slug":"photographe-enfant-vendee-la-rochelle-lucon-la-roche-sur-yon-nantes-fontenay-le-comte","status":"publish","type":"post","link":"https:\/\/www.lisegarguil.com\/blog\/2013\/10\/photographe-enfant-vendee-la-rochelle-lucon-la-roche-sur-yon-nantes-fontenay-le-comte\/","title":{"rendered":"S\u00e9ance enfant | Gabriel"},"content":{"rendered":"<p style=\"text-align: justify;\">Encore une fois une s\u00e9ance photo enfant super, avec une maman g\u00e9niale qui avait pr\u00e9par\u00e9 plein de jolis accessoires et qui n&rsquo;avait pas oubli\u00e9 d&rsquo;apporter le paquet de biscuits ;) (bien utile ce jour l\u00e0). Gabriel fait partie d&rsquo;un de mes coup de c\u0153ur de l&rsquo;ann\u00e9e, et j&rsquo;ai franchement eu du mal \u00e0 s\u00e9lectionner les images tellement il y en avait de belles. Je vous laisse d\u00e9couvrir cet adorable bonhomme durant sa s\u00e9ance baign\u00e9e de soleil.<\/p>\n<p style=\"text-align: justify;\"><img loading=\"lazy\" decoding=\"async\" class=\"pp-insert-all size-full aligncenter\" alt=\"\" src=\"https:\/\/www.lisegarguil.com\/blog\/wp-content\/uploads\/lise-garguil-photographie-photographe-enfant-gabriel-06-13-0048.jpg\" width=\"900\" height=\"599\" \/><img loading=\"lazy\" decoding=\"async\" class=\"pp-insert-all size-full aligncenter\" alt=\"\" src=\"https:\/\/www.lisegarguil.com\/blog\/wp-content\/uploads\/lise-garguil-photographie-photographe-enfant-gabriel-06-13-0051.jpg\" width=\"900\" height=\"599\" \/><img loading=\"lazy\" decoding=\"async\" class=\"pp-insert-all size-full aligncenter\" alt=\"\" src=\"https:\/\/www.lisegarguil.com\/blog\/wp-content\/uploads\/lise-garguil-photographie-photographe-enfant-gabriel-06-13-1452.jpg\" width=\"900\" height=\"416\" \/><img loading=\"lazy\" decoding=\"async\" class=\"pp-insert-all size-full aligncenter\" alt=\"\" src=\"https:\/\/www.lisegarguil.com\/blog\/wp-content\/uploads\/lise-garguil-photographie-photographe-enfant-gabriel-06-13-0052.jpg\" width=\"900\" height=\"599\" \/><img loading=\"lazy\" decoding=\"async\" class=\"pp-insert-all size-full aligncenter\" alt=\"\" src=\"https:\/\/www.lisegarguil.com\/blog\/wp-content\/uploads\/lise-garguil-photographie-photographe-enfant-gabriel-06-13-1416.jpg\" width=\"900\" height=\"603\" \/><img loading=\"lazy\" decoding=\"async\" class=\"pp-insert-all size-full aligncenter\" alt=\"\" src=\"https:\/\/www.lisegarguil.com\/blog\/wp-content\/uploads\/lise-garguil-photographie-photographe-enfant-gabriel-06-13-1420.jpg\" width=\"900\" height=\"603\" \/><img loading=\"lazy\" decoding=\"async\" class=\"pp-insert-all size-full aligncenter\" alt=\"\" src=\"https:\/\/www.lisegarguil.com\/blog\/wp-content\/uploads\/lise-garguil-photographie-photographe-enfant-gabriel-06-13-0054.jpg\" width=\"900\" height=\"599\" \/><img loading=\"lazy\" decoding=\"async\" class=\"pp-insert-all size-full aligncenter\" alt=\"\" src=\"https:\/\/www.lisegarguil.com\/blog\/wp-content\/uploads\/lise-garguil-photographie-photographe-enfant-gabriel-06-13-1425.jpg\" width=\"900\" height=\"603\" \/><img loading=\"lazy\" decoding=\"async\" class=\"pp-insert-all size-full aligncenter\" alt=\"\" src=\"https:\/\/www.lisegarguil.com\/blog\/wp-content\/uploads\/lise-garguil-photographie-photographe-enfant-gabriel-06-13-0076.jpg\" width=\"900\" height=\"599\" \/><img loading=\"lazy\" decoding=\"async\" class=\"pp-insert-all size-full aligncenter\" alt=\"\" src=\"https:\/\/www.lisegarguil.com\/blog\/wp-content\/uploads\/lise-garguil-photographie-photographe-enfant-gabriel-06-13-1424.jpg\" width=\"900\" height=\"603\" \/><img loading=\"lazy\" decoding=\"async\" class=\"pp-insert-all size-full aligncenter\" alt=\"\" src=\"https:\/\/www.lisegarguil.com\/blog\/wp-content\/uploads\/lise-garguil-photographie-photographe-enfant-gabriel-06-13-0062.jpg\" width=\"900\" height=\"599\" \/><img loading=\"lazy\" decoding=\"async\" class=\"pp-insert-all size-full aligncenter\" alt=\"\" src=\"https:\/\/www.lisegarguil.com\/blog\/wp-content\/uploads\/lise-garguil-photographie-photographe-enfant-gabriel-06-13-0067.jpg\" width=\"900\" height=\"599\" \/><img loading=\"lazy\" decoding=\"async\" class=\"pp-insert-all size-full aligncenter\" alt=\"\" src=\"https:\/\/www.lisegarguil.com\/blog\/wp-content\/uploads\/lise-garguil-photographie-photographe-enfant-gabriel-06-13-0070.jpg\" width=\"900\" height=\"599\" \/><img loading=\"lazy\" decoding=\"async\" class=\"pp-insert-all size-full aligncenter\" alt=\"\" src=\"https:\/\/www.lisegarguil.com\/blog\/wp-content\/uploads\/lise-garguil-photographie-photographe-enfant-gabriel-06-13-0073.jpg\" width=\"900\" height=\"414\" \/><img loading=\"lazy\" decoding=\"async\" class=\"pp-insert-all size-full aligncenter\" alt=\"\" src=\"https:\/\/www.lisegarguil.com\/blog\/wp-content\/uploads\/lise-garguil-photographie-photographe-enfant-gabriel-06-13-1375.jpg\" width=\"900\" height=\"603\" \/><img loading=\"lazy\" decoding=\"async\" class=\"pp-insert-all size-full aligncenter\" alt=\"\" src=\"https:\/\/www.lisegarguil.com\/blog\/wp-content\/uploads\/lise-garguil-photographie-photographe-enfant-gabriel-06-13-1395.jpg\" width=\"900\" height=\"603\" \/><img loading=\"lazy\" decoding=\"async\" class=\"pp-insert-all size-full aligncenter\" alt=\"\" src=\"https:\/\/www.lisegarguil.com\/blog\/wp-content\/uploads\/lise-garguil-photographie-photographe-enfant-gabriel-06-13-1401.jpg\" width=\"900\" height=\"603\" \/><img loading=\"lazy\" decoding=\"async\" class=\"pp-insert-all size-full aligncenter\" alt=\"\" src=\"https:\/\/www.lisegarguil.com\/blog\/wp-content\/uploads\/lise-garguil-photographie-photographe-enfant-gabriel-06-13-0064.jpg\" width=\"900\" height=\"599\" \/><img loading=\"lazy\" decoding=\"async\" class=\"pp-insert-all size-full aligncenter\" alt=\"\" src=\"https:\/\/www.lisegarguil.com\/blog\/wp-content\/uploads\/lise-garguil-photographie-photographe-enfant-gabriel-06-13-1410.jpg\" width=\"900\" height=\"675\" \/><img loading=\"lazy\" decoding=\"async\" class=\"pp-insert-all size-full aligncenter\" alt=\"\" src=\"https:\/\/www.lisegarguil.com\/blog\/wp-content\/uploads\/lise-garguil-photographie-photographe-enfant-gabriel-06-13-1403.jpg\" width=\"900\" height=\"603\" \/><img loading=\"lazy\" decoding=\"async\" class=\"pp-insert-all size-full aligncenter\" alt=\"\" src=\"https:\/\/www.lisegarguil.com\/blog\/wp-content\/uploads\/lise-garguil-photographie-photographe-enfant-gabriel-06-13-1406.jpg\" width=\"900\" height=\"603\" \/><img loading=\"lazy\" decoding=\"async\" class=\"pp-insert-all size-full aligncenter\" alt=\"\" src=\"https:\/\/www.lisegarguil.com\/blog\/wp-content\/uploads\/lise-garguil-photographie-photographe-enfant-gabriel-06-13-1386.jpg\" width=\"900\" height=\"675\" \/><img loading=\"lazy\" decoding=\"async\" class=\"pp-insert-all size-full aligncenter\" alt=\"\" src=\"https:\/\/www.lisegarguil.com\/blog\/wp-content\/uploads\/lise-garguil-photographie-photographe-enfant-gabriel-06-13-1422.jpg\" width=\"900\" height=\"603\" \/><img loading=\"lazy\" decoding=\"async\" class=\"pp-insert-all size-full aligncenter\" alt=\"\" src=\"https:\/\/www.lisegarguil.com\/blog\/wp-content\/uploads\/lise-garguil-photographie-photographe-enfant-gabriel-06-13-1423.jpg\" width=\"900\" height=\"603\" \/><img loading=\"lazy\" decoding=\"async\" class=\"pp-insert-all size-full aligncenter\" alt=\"\" src=\"https:\/\/www.lisegarguil.com\/blog\/wp-content\/uploads\/lise-garguil-photographie-photographe-enfant-gabriel-06-13-1425-nb.jpg\" width=\"900\" height=\"603\" \/><img loading=\"lazy\" decoding=\"async\" class=\"pp-insert-all size-full aligncenter\" alt=\"\" src=\"https:\/\/www.lisegarguil.com\/blog\/wp-content\/uploads\/lise-garguil-photographie-photographe-enfant-gabriel-06-13-1428.jpg\" width=\"900\" height=\"603\" \/><img loading=\"lazy\" decoding=\"async\" class=\"pp-insert-all size-full aligncenter\" alt=\"\" src=\"https:\/\/www.lisegarguil.com\/blog\/wp-content\/uploads\/lise-garguil-photographie-photographe-enfant-gabriel-06-13-1445.jpg\" width=\"900\" height=\"603\" \/><img loading=\"lazy\" decoding=\"async\" class=\"pp-insert-all size-full aligncenter\" alt=\"\" src=\"https:\/\/www.lisegarguil.com\/blog\/wp-content\/uploads\/lise-garguil-photographie-photographe-enfant-gabriel-06-13-1448.jpg\" width=\"900\" height=\"603\" \/><img loading=\"lazy\" decoding=\"async\" class=\"pp-insert-all size-full aligncenter\" alt=\"\" src=\"https:\/\/www.lisegarguil.com\/blog\/wp-content\/uploads\/lise-garguil-photographie-photographe-enfant-gabriel-06-13-1463.jpg\" width=\"900\" height=\"603\" \/><img loading=\"lazy\" decoding=\"async\" class=\"pp-insert-all size-full aligncenter\" alt=\"\" src=\"https:\/\/www.lisegarguil.com\/blog\/wp-content\/uploads\/lise-garguil-photographie-photographe-enfant-gabriel-06-13-1459.jpg\" width=\"900\" height=\"675\" \/><img loading=\"lazy\" decoding=\"async\" class=\"pp-insert-all size-full aligncenter\" alt=\"\" src=\"https:\/\/www.lisegarguil.com\/blog\/wp-content\/uploads\/lise-garguil-photographie-photographe-enfant-gabriel-06-13-1468.jpg\" width=\"900\" height=\"603\" \/><img loading=\"lazy\" decoding=\"async\" class=\"pp-insert-all size-full aligncenter\" alt=\"\" src=\"https:\/\/www.lisegarguil.com\/blog\/wp-content\/uploads\/lise-garguil-photographie-photographe-enfant-gabriel-06-13-1477.jpg\" width=\"900\" height=\"603\" \/><img loading=\"lazy\" decoding=\"async\" class=\"pp-insert-all size-full aligncenter\" alt=\"\" src=\"https:\/\/www.lisegarguil.com\/blog\/wp-content\/uploads\/lise-garguil-photographie-photographe-enfant-gabriel-06-13-1478.jpg\" width=\"900\" height=\"603\" \/><img loading=\"lazy\" decoding=\"async\" class=\"pp-insert-all size-full aligncenter\" alt=\"\" src=\"https:\/\/www.lisegarguil.com\/blog\/wp-content\/uploads\/lise-garguil-photographie-photographe-enfant-gabriel-06-13-1479.jpg\" width=\"900\" height=\"603\" \/><img loading=\"lazy\" decoding=\"async\" class=\"pp-insert-all size-full aligncenter\" alt=\"\" src=\"https:\/\/www.lisegarguil.com\/blog\/wp-content\/uploads\/lise-garguil-photographie-photographe-enfant-gabriel-06-13-1482.jpg\" width=\"900\" height=\"603\" \/><img loading=\"lazy\" decoding=\"async\" class=\"pp-insert-all size-full aligncenter\" alt=\"\" src=\"https:\/\/www.lisegarguil.com\/blog\/wp-content\/uploads\/lise-garguil-photographie-photographe-enfant-gabriel-06-13-14791.jpg\" width=\"900\" height=\"416\" \/><img loading=\"lazy\" decoding=\"async\" class=\"pp-insert-all size-full aligncenter\" alt=\"\" src=\"https:\/\/www.lisegarguil.com\/blog\/wp-content\/uploads\/lise-garguil-photographie-photographe-enfant-gabriel-06-13-1484.jpg\" width=\"900\" height=\"603\" \/><img loading=\"lazy\" decoding=\"async\" class=\"pp-insert-all size-full aligncenter\" alt=\"\" src=\"https:\/\/www.lisegarguil.com\/blog\/wp-content\/uploads\/lise-garguil-photographie-photographe-enfant-gabriel-06-13-1498-nb.jpg\" width=\"900\" height=\"603\" \/><\/p>\n","protected":false},"excerpt":{"rendered":"<p>Encore une fois une s\u00e9ance photo enfant super, avec une maman g\u00e9niale qui avait pr\u00e9par\u00e9 plein de jolis accessoires et qui n&rsquo;avait pas oubli\u00e9 d&rsquo;apporter le paquet de biscuits ;) (bien utile ce jour l\u00e0). Gabriel fait partie d&rsquo;un de mes coup de c\u0153ur de l&rsquo;ann\u00e9e, et j&rsquo;ai franchement eu du mal \u00e0 s\u00e9lectionner les...<\/p>\n","protected":false},"author":1,"featured_media":0,"comment_status":"open","ping_status":"open","sticky":false,"template":"","format":"standard","meta":{"pp_embeds":"","footnotes":""},"categories":[14],"tags":[298,180,293,302,382,266,198,184,168,24,21,383,384,19,26,264,306],"class_list":["post-2810","post","type-post","status-publish","format-standard","hentry","category-enfants","tag-carte-cadeau-photographe-vendee","tag-photographe-bebe-la-roche-sur-yon","tag-photographe-enfant-17","tag-photographe-enfant-85","tag-photographe-enfant-bournezeau","tag-photographe-enfant-fontenay-le-comte","tag-photographe-enfant-la-roche-sur-yon","tag-photographe-enfant-la-rochelle","tag-photographe-enfant-lucon","tag-photographe-enfants-nantes","tag-photographe-enfants-vendee","tag-photographe-exterieur-85","tag-photos-enfant-exterieur","tag-photos-lifestyle","tag-seance-lifestyle-vendee","tag-seance-photo-enfant-la-rochelle","tag-seance-photo-enfant-les-sables-dolonne"],"_links":{"self":[{"href":"https:\/\/www.lisegarguil.com\/blog\/wp-json\/wp\/v2\/posts\/2810","targetHints":{"allow":["GET"]}}],"collection":[{"href":"https:\/\/www.lisegarguil.com\/blog\/wp-json\/wp\/v2\/posts"}],"about":[{"href":"https:\/\/www.lisegarguil.com\/blog\/wp-json\/wp\/v2\/types\/post"}],"author":[{"embeddable":true,"href":"https:\/\/www.lisegarguil.com\/blog\/wp-json\/wp\/v2\/users\/1"}],"replies":[{"embeddable":true,"href":"https:\/\/www.lisegarguil.com\/blog\/wp-json\/wp\/v2\/comments?post=2810"}],"version-history":[{"count":2,"href":"https:\/\/www.lisegarguil.com\/blog\/wp-json\/wp\/v2\/posts\/2810\/revisions"}],"predecessor-version":[{"id":2850,"href":"https:\/\/www.lisegarguil.com\/blog\/wp-json\/wp\/v2\/posts\/2810\/revisions\/2850"}],"wp:attachment":[{"href":"https:\/\/www.lisegarguil.com\/blog\/wp-json\/wp\/v2\/media?parent=2810"}],"wp:term":[{"taxonomy":"category","embeddable":true,"href":"https:\/\/www.lisegarguil.com\/blog\/wp-json\/wp\/v2\/categories?post=2810"},{"taxonomy":"post_tag","embeddable":true,"href":"https:\/\/www.lisegarguil.com\/blog\/wp-json\/wp\/v2\/tags?post=2810"}],"curies":[{"name":"wp","href":"https:\/\/api.w.org\/{rel}","templated":true}]}}