{"id":2663,"date":"2013-09-01T15:41:03","date_gmt":"2013-09-01T15:41:03","guid":{"rendered":"http:\/\/www.lisegarguil.com\/blog\/?p=2663"},"modified":"2013-09-01T20:59:31","modified_gmt":"2013-09-01T20:59:31","slug":"seance-photo-photographe-grossesse-vendee","status":"publish","type":"post","link":"https:\/\/www.lisegarguil.com\/blog\/2013\/09\/seance-photo-photographe-grossesse-vendee\/","title":{"rendered":"S\u00e9ance futurs parents | Elsa et Mattieu"},"content":{"rendered":"<p style=\"text-align: justify;\">Je connais Elsa depuis longtemps, nous \u00e9tions au lyc\u00e9e ensemble. C&rsquo;est \u00e9tonnant de voir que cette ann\u00e9e nous sommes beaucoup de cette g\u00e9n\u00e9ration \u00e0 avoir saut\u00e9 le pas de la maternit\u00e9. (La trentaine approchant peut-\u00eatre ;) Elsa et Mattieu habitent l&rsquo; Italie, et \u00e9taient pass\u00e9s par la France cet \u00e9t\u00e9, c&rsquo;est donc \u00e0 cette occasion que nous nous sommes retrouv\u00e9s sur une plage Vend\u00e9enne pour une s\u00e9ance photo de grossesse. J&rsquo;ai pass\u00e9 un d\u00e9licieux moment avec ces deux personnes qui m&rsquo;ont fait une totale confiance, et qui ont su s&rsquo;abandonner dans leur petite bulle d&rsquo;amour :) Ajoutez \u00e0 cela une lumi\u00e8re de fin de journ\u00e9e simplement divine, et vous obtenez ce genre de s\u00e9ance, douce, vraie, baign\u00e9e de soleil; le parfait souvenir \u00e0 montrer \u00e0 ce futur b\u00e9b\u00e9. H\u00e2te de rencontrer le petit tr\u00e9sor qui se cache sur les photos, en d\u00e9cembre prochain peut-\u00eatre&#8230;<\/p>\n<p><img loading=\"lazy\" decoding=\"async\" class=\"pp-insert-all size-full aligncenter\" title=\"lise-garguil-photographe-femme-enceinte-grossesse-vendee--plage-elsa-07-13 (26)\" alt=\"\" src=\"https:\/\/www.lisegarguil.com\/blog\/wp-content\/uploads\/lise-garguil-photographe-femme-enceinte-grossesse-vendee-plage-elsa-07-13-26.jpg\" width=\"900\" height=\"600\" \/><img loading=\"lazy\" decoding=\"async\" class=\"pp-insert-all size-full aligncenter\" title=\"lise-garguil-photographe-femme-enceinte-grossesse-vendee--plage-elsa-07-13 (1)\" alt=\"\" src=\"https:\/\/www.lisegarguil.com\/blog\/wp-content\/uploads\/lise-garguil-photographe-femme-enceinte-grossesse-vendee-plage-elsa-07-13-1.jpg\" width=\"900\" height=\"600\" \/><img loading=\"lazy\" decoding=\"async\" class=\"pp-insert-all size-full aligncenter\" title=\"lise-garguil-photographe-femme-enceinte-grossesse-vendee--plage-elsa-07-13 (2)\" alt=\"\" src=\"https:\/\/www.lisegarguil.com\/blog\/wp-content\/uploads\/lise-garguil-photographe-femme-enceinte-grossesse-vendee-plage-elsa-07-13-2.jpg\" width=\"900\" height=\"600\" \/><img loading=\"lazy\" decoding=\"async\" class=\"pp-insert-all size-full aligncenter\" title=\"lise-garguil-photographe-femme-enceinte-grossesse-vendee--plage-elsa-07-13 (3)a\" alt=\"\" src=\"https:\/\/www.lisegarguil.com\/blog\/wp-content\/uploads\/lise-garguil-photographe-femme-enceinte-grossesse-vendee-plage-elsa-07-13-3a.jpg\" width=\"900\" height=\"596\" \/><img loading=\"lazy\" decoding=\"async\" class=\"pp-insert-all size-full aligncenter\" title=\"lise-garguil-photographe-femme-enceinte-grossesse-vendee--plage-elsa-07-13 (4)\" alt=\"\" src=\"https:\/\/www.lisegarguil.com\/blog\/wp-content\/uploads\/lise-garguil-photographe-femme-enceinte-grossesse-vendee-plage-elsa-07-13-4.jpg\" width=\"900\" height=\"600\" \/><img loading=\"lazy\" decoding=\"async\" class=\"pp-insert-all size-full aligncenter\" title=\"lise-garguil-photographe-femme-enceinte-grossesse-vendee--plage-elsa-07-13 (4)a\" alt=\"\" src=\"https:\/\/www.lisegarguil.com\/blog\/wp-content\/uploads\/lise-garguil-photographe-femme-enceinte-grossesse-vendee-plage-elsa-07-13-4a.jpg\" width=\"900\" height=\"596\" \/><img loading=\"lazy\" decoding=\"async\" class=\"pp-insert-all size-full aligncenter\" title=\"lise-garguil-photographe-femme-enceinte-grossesse-vendee--plage-elsa-07-13 (5)\" alt=\"\" src=\"https:\/\/www.lisegarguil.com\/blog\/wp-content\/uploads\/lise-garguil-photographe-femme-enceinte-grossesse-vendee-plage-elsa-07-13-5.jpg\" width=\"900\" height=\"600\" \/><img loading=\"lazy\" decoding=\"async\" class=\"pp-insert-all size-full aligncenter\" title=\"lise-garguil-photographe-femme-enceinte-grossesse-vendee--plage-elsa-07-13 (6)\" alt=\"\" src=\"https:\/\/www.lisegarguil.com\/blog\/wp-content\/uploads\/lise-garguil-photographe-femme-enceinte-grossesse-vendee-plage-elsa-07-13-6.jpg\" width=\"900\" height=\"600\" \/><img loading=\"lazy\" decoding=\"async\" class=\"pp-insert-all size-full aligncenter\" title=\"lise-garguil-photographe-femme-enceinte-grossesse-vendee--plage-elsa-07-13 (7)\" alt=\"\" src=\"https:\/\/www.lisegarguil.com\/blog\/wp-content\/uploads\/lise-garguil-photographe-femme-enceinte-grossesse-vendee-plage-elsa-07-13-7.jpg\" width=\"900\" height=\"600\" \/><img loading=\"lazy\" decoding=\"async\" class=\"pp-insert-all size-full aligncenter\" title=\"lise-garguil-photographe-femme-enceinte-grossesse-vendee--plage-elsa-07-13 (13)\" alt=\"\" src=\"https:\/\/www.lisegarguil.com\/blog\/wp-content\/uploads\/lise-garguil-photographe-femme-enceinte-grossesse-vendee-plage-elsa-07-13-13.jpg\" width=\"900\" height=\"413\" \/><img loading=\"lazy\" decoding=\"async\" class=\"pp-insert-all size-full aligncenter\" title=\"lise-garguil-photographe-femme-enceinte-grossesse-vendee--plage-elsa-07-13 (14)\" alt=\"\" src=\"https:\/\/www.lisegarguil.com\/blog\/wp-content\/uploads\/lise-garguil-photographe-femme-enceinte-grossesse-vendee-plage-elsa-07-13-14.jpg\" width=\"900\" height=\"600\" \/><img loading=\"lazy\" decoding=\"async\" class=\"pp-insert-all size-full aligncenter\" title=\"lise-garguil-photographe-femme-enceinte-grossesse-vendee--plage-elsa-07-13 (15)\" alt=\"\" src=\"https:\/\/www.lisegarguil.com\/blog\/wp-content\/uploads\/lise-garguil-photographe-femme-enceinte-grossesse-vendee-plage-elsa-07-13-15.jpg\" width=\"900\" height=\"600\" \/><img loading=\"lazy\" decoding=\"async\" class=\"pp-insert-all size-full aligncenter\" title=\"lise-garguil-photographe-femme-enceinte-grossesse-vendee--plage-elsa-07-13 (15)a\" alt=\"\" src=\"https:\/\/www.lisegarguil.com\/blog\/wp-content\/uploads\/lise-garguil-photographe-femme-enceinte-grossesse-vendee-plage-elsa-07-13-15a.jpg\" width=\"900\" height=\"600\" \/><img loading=\"lazy\" decoding=\"async\" class=\"pp-insert-all size-full aligncenter\" title=\"lise-garguil-photographe-femme-enceinte-grossesse-vendee--plage-elsa-07-13 (16)\" alt=\"\" src=\"https:\/\/www.lisegarguil.com\/blog\/wp-content\/uploads\/lise-garguil-photographe-femme-enceinte-grossesse-vendee-plage-elsa-07-13-16.jpg\" width=\"900\" height=\"600\" \/><img loading=\"lazy\" decoding=\"async\" class=\"pp-insert-all size-full aligncenter\" title=\"lise-garguil-photographe-femme-enceinte-grossesse-vendee--plage-elsa-07-13 (16)a\" alt=\"\" src=\"https:\/\/www.lisegarguil.com\/blog\/wp-content\/uploads\/lise-garguil-photographe-femme-enceinte-grossesse-vendee-plage-elsa-07-13-16a.jpg\" width=\"900\" height=\"596\" \/><img loading=\"lazy\" decoding=\"async\" class=\"pp-insert-all size-full aligncenter\" title=\"lise-garguil-photographe-femme-enceinte-grossesse-vendee--plage-elsa-07-13 (16)b\" alt=\"\" src=\"https:\/\/www.lisegarguil.com\/blog\/wp-content\/uploads\/lise-garguil-photographe-femme-enceinte-grossesse-vendee-plage-elsa-07-13-16b.jpg\" width=\"900\" height=\"596\" \/><img loading=\"lazy\" decoding=\"async\" class=\"pp-insert-all size-full aligncenter\" title=\"lise-garguil-photographe-femme-enceinte-grossesse-vendee--plage-elsa-07-13 (25)\" alt=\"\" src=\"https:\/\/www.lisegarguil.com\/blog\/wp-content\/uploads\/lise-garguil-photographe-femme-enceinte-grossesse-vendee-plage-elsa-07-13-25.jpg\" width=\"900\" height=\"415\" \/><img loading=\"lazy\" decoding=\"async\" class=\"pp-insert-all size-full aligncenter\" title=\"lise-garguil-photographe-femme-enceinte-grossesse-vendee--plage-elsa-07-13 (17)\" alt=\"\" src=\"https:\/\/www.lisegarguil.com\/blog\/wp-content\/uploads\/lise-garguil-photographe-femme-enceinte-grossesse-vendee-plage-elsa-07-13-17.jpg\" width=\"900\" height=\"596\" \/><img loading=\"lazy\" decoding=\"async\" class=\"pp-insert-all size-full aligncenter\" title=\"lise-garguil-photographe-femme-enceinte-grossesse-vendee--plage-elsa-07-13 (19)\" alt=\"\" src=\"https:\/\/www.lisegarguil.com\/blog\/wp-content\/uploads\/lise-garguil-photographe-femme-enceinte-grossesse-vendee-plage-elsa-07-13-19.jpg\" width=\"900\" height=\"596\" \/><img loading=\"lazy\" decoding=\"async\" class=\"pp-insert-all size-full aligncenter\" alt=\"\" src=\"https:\/\/www.lisegarguil.com\/blog\/wp-content\/uploads\/lise-garguil-photographe-femme-enceinte-grossesse-vendee-elsa-07-13-02509.jpg\" width=\"900\" height=\"603\" \/><img loading=\"lazy\" decoding=\"async\" class=\"pp-insert-all size-full aligncenter\" title=\"lise-garguil-photographe-femme-enceinte-grossesse-vendee--plage-elsa-07-13 (21)\" alt=\"\" src=\"https:\/\/www.lisegarguil.com\/blog\/wp-content\/uploads\/lise-garguil-photographe-femme-enceinte-grossesse-vendee-plage-elsa-07-13-21.jpg\" width=\"900\" height=\"600\" \/><img loading=\"lazy\" decoding=\"async\" class=\"pp-insert-all size-full aligncenter\" title=\"lise-garguil-photographe-femme-enceinte-grossesse-vendee--plage-elsa-07-13 (22)\" alt=\"\" src=\"https:\/\/www.lisegarguil.com\/blog\/wp-content\/uploads\/lise-garguil-photographe-femme-enceinte-grossesse-vendee-plage-elsa-07-13-22.jpg\" width=\"900\" height=\"600\" \/><img loading=\"lazy\" decoding=\"async\" class=\"pp-insert-all size-full aligncenter\" title=\"lise-garguil-photographe-femme-enceinte-grossesse-vendee--plage-elsa-07-13 (23)\" alt=\"\" src=\"https:\/\/www.lisegarguil.com\/blog\/wp-content\/uploads\/lise-garguil-photographe-femme-enceinte-grossesse-vendee-plage-elsa-07-13-23.jpg\" width=\"900\" height=\"600\" \/><img loading=\"lazy\" decoding=\"async\" class=\"pp-insert-all size-full aligncenter\" title=\"lise-garguil-photographe-femme-enceinte-grossesse-vendee--plage-elsa-07-13 (24)\" alt=\"\" src=\"https:\/\/www.lisegarguil.com\/blog\/wp-content\/uploads\/lise-garguil-photographe-femme-enceinte-grossesse-vendee-plage-elsa-07-13-24.jpg\" width=\"900\" height=\"415\" \/><img loading=\"lazy\" decoding=\"async\" class=\"pp-insert-all size-full aligncenter\" title=\"lise-garguil-photographe-femme-enceinte-grossesse-vendee--plage-elsa-07-13 (30)\" alt=\"\" src=\"https:\/\/www.lisegarguil.com\/blog\/wp-content\/uploads\/lise-garguil-photographe-femme-enceinte-grossesse-vendee-plage-elsa-07-13-30.jpg\" width=\"900\" height=\"596\" \/><img loading=\"lazy\" decoding=\"async\" class=\"pp-insert-all size-full aligncenter\" title=\"lise-garguil-photographe-femme-enceinte-grossesse-vendee--plage-elsa-07-13 (33)\" alt=\"\" src=\"https:\/\/www.lisegarguil.com\/blog\/wp-content\/uploads\/lise-garguil-photographe-femme-enceinte-grossesse-vendee-plage-elsa-07-13-33.jpg\" width=\"900\" height=\"596\" \/><img loading=\"lazy\" decoding=\"async\" class=\"pp-insert-all size-full aligncenter\" title=\"lise-garguil-photographe-femme-enceinte-grossesse-vendee--plage-elsa-07-13 (35)\" alt=\"\" src=\"https:\/\/www.lisegarguil.com\/blog\/wp-content\/uploads\/lise-garguil-photographe-femme-enceinte-grossesse-vendee-plage-elsa-07-13-35.jpg\" width=\"900\" height=\"596\" \/><img loading=\"lazy\" decoding=\"async\" class=\"aligncenter\" title=\"lise-garguil-photographe-femme-enceinte-grossesse-vendee--plage-elsa-07-13 (41)\" alt=\"\" src=\"https:\/\/www.lisegarguil.com\/blog\/wp-content\/uploads\/lise-garguil-photographe-femme-enceinte-grossesse-vendee-plage-elsa-07-13-41.jpg\" width=\"900\" height=\"414\" \/><img loading=\"lazy\" decoding=\"async\" class=\"pp-insert-all size-full aligncenter\" title=\"lise-garguil-photographe-femme-enceinte-grossesse-vendee--plage-elsa-07-13 (36)\" alt=\"\" src=\"https:\/\/www.lisegarguil.com\/blog\/wp-content\/uploads\/lise-garguil-photographe-femme-enceinte-grossesse-vendee-plage-elsa-07-13-36.jpg\" width=\"900\" height=\"596\" \/><img loading=\"lazy\" decoding=\"async\" class=\"pp-insert-all size-full aligncenter\" title=\"lise-garguil-photographe-femme-enceinte-grossesse-vendee--plage-elsa-07-13 (37)a\" alt=\"\" src=\"https:\/\/www.lisegarguil.com\/blog\/wp-content\/uploads\/lise-garguil-photographe-femme-enceinte-grossesse-vendee-plage-elsa-07-13-37a.jpg\" width=\"900\" height=\"600\" \/><img loading=\"lazy\" decoding=\"async\" class=\"pp-insert-all size-full aligncenter\" title=\"lise-garguil-photographe-femme-enceinte-grossesse-vendee--plage-elsa-07-13 (39)\" alt=\"\" src=\"https:\/\/www.lisegarguil.com\/blog\/wp-content\/uploads\/lise-garguil-photographe-femme-enceinte-grossesse-vendee-plage-elsa-07-13-39.jpg\" width=\"900\" height=\"596\" \/><img loading=\"lazy\" decoding=\"async\" class=\"pp-insert-all size-full aligncenter\" title=\"lise-garguil-photographe-femme-enceinte-grossesse-vendee--plage-elsa-07-13 (42)\" alt=\"\" src=\"https:\/\/www.lisegarguil.com\/blog\/wp-content\/uploads\/lise-garguil-photographe-femme-enceinte-grossesse-vendee-plage-elsa-07-13-42.jpg\" width=\"900\" height=\"414\" \/><img loading=\"lazy\" decoding=\"async\" class=\"pp-insert-all size-full aligncenter\" title=\"lise-garguil-photographe-femme-enceinte-grossesse-vendee--plage-elsa-07-13 (40)\" alt=\"\" src=\"https:\/\/www.lisegarguil.com\/blog\/wp-content\/uploads\/lise-garguil-photographe-femme-enceinte-grossesse-vendee-plage-elsa-07-13-40.jpg\" width=\"900\" height=\"596\" \/><\/p>\n","protected":false},"excerpt":{"rendered":"<p>Je connais Elsa depuis longtemps, nous \u00e9tions au lyc\u00e9e ensemble. C&rsquo;est \u00e9tonnant de voir que cette ann\u00e9e nous sommes beaucoup de cette g\u00e9n\u00e9ration \u00e0 avoir saut\u00e9 le pas de la maternit\u00e9. (La trentaine approchant peut-\u00eatre ;) Elsa et Mattieu habitent l&rsquo; Italie, et \u00e9taient pass\u00e9s par la France cet \u00e9t\u00e9, c&rsquo;est donc \u00e0 cette occasion...<\/p>\n","protected":false},"author":1,"featured_media":0,"comment_status":"open","ping_status":"open","sticky":false,"template":"","format":"standard","meta":{"pp_embeds":"","footnotes":""},"categories":[4],"tags":[372,342,353,219,210,369,224,313,371,29,205,352,28,370],"class_list":["post-2663","post","type-post","status-publish","format-standard","hentry","category-grossesse","tag-photo-grossesse-plage","tag-photographe-future-maman","tag-photographe-future-maman-vendee","tag-photographe-grossesse-17","tag-photographe-grossesse-85","tag-photographe-grossesse-champ-st-pere","tag-photographe-grossesse-la-roche-sur-yon","tag-photographe-grossesse-lucon","tag-photographe-grossesse-plage","tag-photographe-grossesse-vendee","tag-photographe-naissance-vendee","tag-seance-photo-future-maman","tag-seance-photo-grossesse-nantes","tag-seance-photo-maternite"],"_links":{"self":[{"href":"https:\/\/www.lisegarguil.com\/blog\/wp-json\/wp\/v2\/posts\/2663","targetHints":{"allow":["GET"]}}],"collection":[{"href":"https:\/\/www.lisegarguil.com\/blog\/wp-json\/wp\/v2\/posts"}],"about":[{"href":"https:\/\/www.lisegarguil.com\/blog\/wp-json\/wp\/v2\/types\/post"}],"author":[{"embeddable":true,"href":"https:\/\/www.lisegarguil.com\/blog\/wp-json\/wp\/v2\/users\/1"}],"replies":[{"embeddable":true,"href":"https:\/\/www.lisegarguil.com\/blog\/wp-json\/wp\/v2\/comments?post=2663"}],"version-history":[{"count":3,"href":"https:\/\/www.lisegarguil.com\/blog\/wp-json\/wp\/v2\/posts\/2663\/revisions"}],"predecessor-version":[{"id":2701,"href":"https:\/\/www.lisegarguil.com\/blog\/wp-json\/wp\/v2\/posts\/2663\/revisions\/2701"}],"wp:attachment":[{"href":"https:\/\/www.lisegarguil.com\/blog\/wp-json\/wp\/v2\/media?parent=2663"}],"wp:term":[{"taxonomy":"category","embeddable":true,"href":"https:\/\/www.lisegarguil.com\/blog\/wp-json\/wp\/v2\/categories?post=2663"},{"taxonomy":"post_tag","embeddable":true,"href":"https:\/\/www.lisegarguil.com\/blog\/wp-json\/wp\/v2\/tags?post=2663"}],"curies":[{"name":"wp","href":"https:\/\/api.w.org\/{rel}","templated":true}]}}