{"id":2633,"date":"2013-08-09T09:19:34","date_gmt":"2013-08-09T09:19:34","guid":{"rendered":"http:\/\/www.lisegarguil.com\/blog\/?p=2633"},"modified":"2013-08-09T09:19:34","modified_gmt":"2013-08-09T09:19:34","slug":"photographe-enfant-vendee-2","status":"publish","type":"post","link":"https:\/\/www.lisegarguil.com\/blog\/2013\/08\/photographe-enfant-vendee-2\/","title":{"rendered":"S\u00e9ance enfant | Sacha"},"content":{"rendered":"<p style=\"text-align: justify;\">Ce petit bonhomme \u00e9tait un sacr\u00e9 coquin, je n&rsquo;ai r\u00e9ussi \u00e0 avoir qu&rsquo;une petite, toute riquiqui esquisse de sourire durant toute la s\u00e9ance. Il n&rsquo;avait pas fait de sieste cet apr\u00e8s-midi l\u00e0, et cet intrus qui le suivait partout avec son gros appareil noir ne lui plaisait pas du tout! Malgr\u00e9 \u00e7a, comme vous pourrez le d\u00e9couvrir, \u00e7a ne m&rsquo;a pas emp\u00each\u00e9 de livrer une jolie s\u00e9ance. Apr\u00e8s tout, une s\u00e9ance photo c&rsquo;est aussi \u00e7a, le t\u00e9moin d&rsquo;une humeur, d&rsquo;un moment, d&rsquo;un jour. Sacha \u00e9tait grognon ce jour l\u00e0, et alors? Ses parents auront une anecdote \u00e0 lui raconter ;)<img loading=\"lazy\" decoding=\"async\" class=\"pp-insert-all size-full aligncenter\" alt=\"\" src=\"https:\/\/www.lisegarguil.com\/blog\/wp-content\/uploads\/lise-garguil-photographie-photographe-enfant-sacha-06-13-10093.jpg\" width=\"900\" height=\"599\" \/><img loading=\"lazy\" decoding=\"async\" class=\"pp-insert-all size-full aligncenter\" alt=\"\" src=\"https:\/\/www.lisegarguil.com\/blog\/wp-content\/uploads\/lise-garguil-photographie-photographe-enfant-sacha-06-13-1728.jpg\" width=\"900\" height=\"603\" \/><img loading=\"lazy\" decoding=\"async\" class=\"pp-insert-all size-full aligncenter\" alt=\"\" src=\"https:\/\/www.lisegarguil.com\/blog\/wp-content\/uploads\/lise-garguil-photographie-photographe-enfant-sacha-06-13-1769.jpg\" width=\"900\" height=\"603\" \/><img loading=\"lazy\" decoding=\"async\" class=\"pp-insert-all size-full aligncenter\" alt=\"\" src=\"https:\/\/www.lisegarguil.com\/blog\/wp-content\/uploads\/lise-garguil-photographie-photographe-enfant-sacha-06-13-1768-nb.jpg\" width=\"900\" height=\"603\" \/><img loading=\"lazy\" decoding=\"async\" class=\"pp-insert-all size-full aligncenter\" alt=\"\" src=\"https:\/\/www.lisegarguil.com\/blog\/wp-content\/uploads\/lise-garguil-photographie-photographe-enfant-sacha-06-13-1767.jpg\" width=\"900\" height=\"603\" \/><img loading=\"lazy\" decoding=\"async\" class=\"pp-insert-all size-full aligncenter\" alt=\"\" src=\"https:\/\/www.lisegarguil.com\/blog\/wp-content\/uploads\/lise-garguil-photographie-photographe-enfant-sacha-06-13-1761.jpg\" width=\"900\" height=\"603\" \/><img loading=\"lazy\" decoding=\"async\" class=\"pp-insert-all size-full aligncenter\" alt=\"\" src=\"https:\/\/www.lisegarguil.com\/blog\/wp-content\/uploads\/lise-garguil-photographie-photographe-enfant-sacha-06-13-1758.jpg\" width=\"900\" height=\"603\" \/><img loading=\"lazy\" decoding=\"async\" class=\"pp-insert-all size-full aligncenter\" alt=\"\" src=\"https:\/\/www.lisegarguil.com\/blog\/wp-content\/uploads\/lise-garguil-photographie-photographe-enfant-sacha-06-13-1756.jpg\" width=\"900\" height=\"603\" \/><img loading=\"lazy\" decoding=\"async\" class=\"pp-insert-all size-full aligncenter\" alt=\"\" src=\"https:\/\/www.lisegarguil.com\/blog\/wp-content\/uploads\/lise-garguil-photographie-photographe-enfant-sacha-06-13-1755.jpg\" width=\"900\" height=\"603\" \/><img loading=\"lazy\" decoding=\"async\" class=\"pp-insert-all size-full aligncenter\" alt=\"\" src=\"https:\/\/www.lisegarguil.com\/blog\/wp-content\/uploads\/lise-garguil-photographie-photographe-enfant-sacha-06-13-1748.jpg\" width=\"900\" height=\"603\" \/><img loading=\"lazy\" decoding=\"async\" class=\"pp-insert-all size-full aligncenter\" alt=\"\" src=\"https:\/\/www.lisegarguil.com\/blog\/wp-content\/uploads\/lise-garguil-photographie-photographe-enfant-sacha-06-13-1736-nb.jpg\" width=\"900\" height=\"603\" \/><img loading=\"lazy\" decoding=\"async\" class=\"pp-insert-all size-full aligncenter\" alt=\"\" src=\"https:\/\/www.lisegarguil.com\/blog\/wp-content\/uploads\/lise-garguil-photographie-photographe-enfant-sacha-06-13-0087.jpg\" width=\"900\" height=\"676\" \/><img loading=\"lazy\" decoding=\"async\" class=\"pp-insert-all size-full aligncenter\" alt=\"\" src=\"https:\/\/www.lisegarguil.com\/blog\/wp-content\/uploads\/lise-garguil-photographie-photographe-enfant-sacha-06-13-0081.jpg\" width=\"900\" height=\"417\" \/><img loading=\"lazy\" decoding=\"async\" class=\"pp-insert-all size-full aligncenter\" alt=\"\" src=\"https:\/\/www.lisegarguil.com\/blog\/wp-content\/uploads\/lise-garguil-photographie-photographe-enfant-sacha-06-13-1743.jpg\" width=\"900\" height=\"603\" \/><img loading=\"lazy\" decoding=\"async\" class=\"pp-insert-all size-full aligncenter\" alt=\"\" src=\"https:\/\/www.lisegarguil.com\/blog\/wp-content\/uploads\/lise-garguil-photographie-photographe-enfant-sacha-06-13-1734.jpg\" width=\"900\" height=\"603\" \/><\/p>\n","protected":false},"excerpt":{"rendered":"<p>Ce petit bonhomme \u00e9tait un sacr\u00e9 coquin, je n&rsquo;ai r\u00e9ussi \u00e0 avoir qu&rsquo;une petite, toute riquiqui esquisse de sourire durant toute la s\u00e9ance. Il n&rsquo;avait pas fait de sieste cet apr\u00e8s-midi l\u00e0, et cet intrus qui le suivait partout avec son gros appareil noir ne lui plaisait pas du tout! Malgr\u00e9 \u00e7a, comme vous pourrez...<\/p>\n","protected":false},"author":1,"featured_media":0,"comment_status":"open","ping_status":"open","sticky":false,"template":"","format":"standard","meta":{"pp_embeds":"","footnotes":""},"categories":[14],"tags":[367,368,323,302,295,198,184,168,19,26,265,264,306],"class_list":["post-2633","post","type-post","status-publish","format-standard","hentry","category-enfants","tag-bon-cadeau-photographe-vendee","tag-carte-cadeau-photo-vendee","tag-photographe-enfant-44","tag-photographe-enfant-85","tag-photographe-enfant-cholet","tag-photographe-enfant-la-roche-sur-yon","tag-photographe-enfant-la-rochelle","tag-photographe-enfant-lucon","tag-photos-lifestyle","tag-seance-lifestyle-vendee","tag-seance-photo-enfant-fontenay-le-comte","tag-seance-photo-enfant-la-rochelle","tag-seance-photo-enfant-les-sables-dolonne"],"_links":{"self":[{"href":"https:\/\/www.lisegarguil.com\/blog\/wp-json\/wp\/v2\/posts\/2633","targetHints":{"allow":["GET"]}}],"collection":[{"href":"https:\/\/www.lisegarguil.com\/blog\/wp-json\/wp\/v2\/posts"}],"about":[{"href":"https:\/\/www.lisegarguil.com\/blog\/wp-json\/wp\/v2\/types\/post"}],"author":[{"embeddable":true,"href":"https:\/\/www.lisegarguil.com\/blog\/wp-json\/wp\/v2\/users\/1"}],"replies":[{"embeddable":true,"href":"https:\/\/www.lisegarguil.com\/blog\/wp-json\/wp\/v2\/comments?post=2633"}],"version-history":[{"count":2,"href":"https:\/\/www.lisegarguil.com\/blog\/wp-json\/wp\/v2\/posts\/2633\/revisions"}],"predecessor-version":[{"id":2651,"href":"https:\/\/www.lisegarguil.com\/blog\/wp-json\/wp\/v2\/posts\/2633\/revisions\/2651"}],"wp:attachment":[{"href":"https:\/\/www.lisegarguil.com\/blog\/wp-json\/wp\/v2\/media?parent=2633"}],"wp:term":[{"taxonomy":"category","embeddable":true,"href":"https:\/\/www.lisegarguil.com\/blog\/wp-json\/wp\/v2\/categories?post=2633"},{"taxonomy":"post_tag","embeddable":true,"href":"https:\/\/www.lisegarguil.com\/blog\/wp-json\/wp\/v2\/tags?post=2633"}],"curies":[{"name":"wp","href":"https:\/\/api.w.org\/{rel}","templated":true}]}}