{"id":2545,"date":"2013-07-17T09:01:11","date_gmt":"2013-07-17T09:01:11","guid":{"rendered":"http:\/\/www.lisegarguil.com\/blog\/?p=2545"},"modified":"2013-07-17T09:18:13","modified_gmt":"2013-07-17T09:18:13","slug":"photographe-bebe-vendee-2","status":"publish","type":"post","link":"https:\/\/www.lisegarguil.com\/blog\/2013\/07\/photographe-bebe-vendee-2\/","title":{"rendered":"S\u00e9ance b\u00e9b\u00e9 | Ines"},"content":{"rendered":"<p style=\"text-align: justify;\">Avec la maman d&rsquo;Ines, nous avons un point commun, nos filles ont le m\u00eame \u00e2ge \u00e0 trois jours pr\u00e8s! Un plaisir donc d&rsquo;avoir fait la connaissance de cette petite famille, et d&rsquo;avoir pu papot\u00e9 b\u00e9b\u00e9 pendant la s\u00e9ance.<img loading=\"lazy\" decoding=\"async\" class=\"pp-insert-all size-full alignnone aligncenter\" alt=\"\" src=\"https:\/\/www.lisegarguil.com\/blog\/wp-content\/uploads\/Lise-garguil-photographie-ines-photographe-bebe-vendee-09-06-13-DSC_1553.jpg\" width=\"900\" height=\"603\" \/><img loading=\"lazy\" decoding=\"async\" class=\"pp-insert-all size-full aligncenter\" alt=\"\" src=\"https:\/\/www.lisegarguil.com\/blog\/wp-content\/uploads\/Lise-garguil-photographie-ines-photographe-bebe-vendee-09-06-13-DSC_1582.jpg\" width=\"900\" height=\"603\" \/><img loading=\"lazy\" decoding=\"async\" class=\"pp-insert-all size-full alignnone aligncenter\" alt=\"\" src=\"https:\/\/www.lisegarguil.com\/blog\/wp-content\/uploads\/Lise-garguil-photographie-ines-photographe-bebe-vendee-09-06-13-DSC_1547.jpg\" width=\"900\" height=\"603\" \/><img loading=\"lazy\" decoding=\"async\" class=\"pp-insert-all size-full alignnone aligncenter\" alt=\"\" src=\"https:\/\/www.lisegarguil.com\/blog\/wp-content\/uploads\/Lise-garguil-photographie-ines-photographe-bebe-vendee-09-06-13-DSC_1548.jpg\" width=\"900\" height=\"603\" \/><img loading=\"lazy\" decoding=\"async\" class=\"pp-insert-all size-full aligncenter\" alt=\"\" src=\"https:\/\/www.lisegarguil.com\/blog\/wp-content\/uploads\/Lise-garguil-photographie-ines-photographe-bebe-vendee-09-06-13-DSC_1550.jpg\" width=\"900\" height=\"674\" \/><img loading=\"lazy\" decoding=\"async\" class=\"pp-insert-all size-full aligncenter\" alt=\"\" src=\"https:\/\/www.lisegarguil.com\/blog\/wp-content\/uploads\/Lise-garguil-photographie-ines-photographe-bebe-vendee-09-06-13-DSC_1553-nb.jpg\" width=\"900\" height=\"418\" \/><img loading=\"lazy\" decoding=\"async\" class=\"pp-insert-all size-full aligncenter\" alt=\"\" src=\"https:\/\/www.lisegarguil.com\/blog\/wp-content\/uploads\/Lise-garguil-photographie-ines-photographe-bebe-vendee-09-06-13-DSC_1555.jpg\" width=\"900\" height=\"603\" \/><img loading=\"lazy\" decoding=\"async\" class=\"pp-insert-all size-full aligncenter\" alt=\"\" src=\"https:\/\/www.lisegarguil.com\/blog\/wp-content\/uploads\/Lise-garguil-photographie-ines-photographe-bebe-vendee-09-06-13-DSC_1558.jpg\" width=\"900\" height=\"603\" \/><img loading=\"lazy\" decoding=\"async\" class=\"pp-insert-all size-full aligncenter\" alt=\"\" src=\"https:\/\/www.lisegarguil.com\/blog\/wp-content\/uploads\/Lise-garguil-photographie-ines-photographe-bebe-vendee-09-06-13-DSC_1565-copie.jpg\" width=\"900\" height=\"603\" \/><img loading=\"lazy\" decoding=\"async\" class=\"pp-insert-all size-full aligncenter\" alt=\"\" src=\"https:\/\/www.lisegarguil.com\/blog\/wp-content\/uploads\/Lise-garguil-photographie-ines-photographe-bebe-vendee-09-06-13-DSC_0043.jpg\" width=\"900\" height=\"599\" \/><img loading=\"lazy\" decoding=\"async\" class=\"pp-insert-all size-full aligncenter\" alt=\"\" src=\"https:\/\/www.lisegarguil.com\/blog\/wp-content\/uploads\/Lise-garguil-photographie-ines-photographe-bebe-vendee-09-06-13-DSC_1594.jpg\" width=\"900\" height=\"603\" \/><img loading=\"lazy\" decoding=\"async\" class=\"pp-insert-all size-full aligncenter\" alt=\"\" src=\"https:\/\/www.lisegarguil.com\/blog\/wp-content\/uploads\/Lise-garguil-photographie-ines-photographe-bebe-vendee-09-06-13-DSC_1595.jpg\" width=\"900\" height=\"603\" \/><img loading=\"lazy\" decoding=\"async\" class=\"pp-insert-all size-full aligncenter\" alt=\"\" src=\"https:\/\/www.lisegarguil.com\/blog\/wp-content\/uploads\/Lise-garguil-photographie-ines-photographe-bebe-vendee-09-06-13-DSC_1574.jpg\" width=\"900\" height=\"674\" \/><img loading=\"lazy\" decoding=\"async\" class=\"pp-insert-all size-full aligncenter\" alt=\"\" src=\"https:\/\/www.lisegarguil.com\/blog\/wp-content\/uploads\/Lise-garguil-photographie-ines-photographe-bebe-vendee-09-06-13-DSC_1570.jpg\" width=\"900\" height=\"603\" \/><\/p>\n","protected":false},"excerpt":{"rendered":"<p>Avec la maman d&rsquo;Ines, nous avons un point commun, nos filles ont le m\u00eame \u00e2ge \u00e0 trois jours pr\u00e8s! Un plaisir donc d&rsquo;avoir fait la connaissance de cette petite famille, et d&rsquo;avoir pu papot\u00e9 b\u00e9b\u00e9 pendant la s\u00e9ance.<\/p>\n","protected":false},"author":1,"featured_media":0,"comment_status":"open","ping_status":"open","sticky":false,"template":"","format":"standard","meta":{"pp_embeds":"","footnotes":""},"categories":[3],"tags":[363,239,180,25,185,22,116,205,23,200,27,42],"class_list":["post-2545","post","type-post","status-publish","format-standard","hentry","category-bebe","tag-bon-cadeau-seance-photo-vendee","tag-photographe-bebe-challans","tag-photographe-bebe-la-roche-sur-yon","tag-photographe-bebe-nantes","tag-photographe-bebe-studio-la-rochelle","tag-photographe-bebe-vendee","tag-photographe-bon-cadeau","tag-photographe-naissance-vendee","tag-photographe-nouveau-ne-vendee","tag-photographe-nouveau-ne-la-rochelle","tag-seance-photo-bebe","tag-session-photo-bebe"],"_links":{"self":[{"href":"https:\/\/www.lisegarguil.com\/blog\/wp-json\/wp\/v2\/posts\/2545","targetHints":{"allow":["GET"]}}],"collection":[{"href":"https:\/\/www.lisegarguil.com\/blog\/wp-json\/wp\/v2\/posts"}],"about":[{"href":"https:\/\/www.lisegarguil.com\/blog\/wp-json\/wp\/v2\/types\/post"}],"author":[{"embeddable":true,"href":"https:\/\/www.lisegarguil.com\/blog\/wp-json\/wp\/v2\/users\/1"}],"replies":[{"embeddable":true,"href":"https:\/\/www.lisegarguil.com\/blog\/wp-json\/wp\/v2\/comments?post=2545"}],"version-history":[{"count":7,"href":"https:\/\/www.lisegarguil.com\/blog\/wp-json\/wp\/v2\/posts\/2545\/revisions"}],"predecessor-version":[{"id":2568,"href":"https:\/\/www.lisegarguil.com\/blog\/wp-json\/wp\/v2\/posts\/2545\/revisions\/2568"}],"wp:attachment":[{"href":"https:\/\/www.lisegarguil.com\/blog\/wp-json\/wp\/v2\/media?parent=2545"}],"wp:term":[{"taxonomy":"category","embeddable":true,"href":"https:\/\/www.lisegarguil.com\/blog\/wp-json\/wp\/v2\/categories?post=2545"},{"taxonomy":"post_tag","embeddable":true,"href":"https:\/\/www.lisegarguil.com\/blog\/wp-json\/wp\/v2\/tags?post=2545"}],"curies":[{"name":"wp","href":"https:\/\/api.w.org\/{rel}","templated":true}]}}