{"id":2224,"date":"2013-04-25T14:42:53","date_gmt":"2013-04-25T14:42:53","guid":{"rendered":"http:\/\/www.lisegarguil.com\/blog\/?p=2224"},"modified":"2013-04-25T15:17:17","modified_gmt":"2013-04-25T15:17:17","slug":"seance-photo-nouveau-ne","status":"publish","type":"post","link":"https:\/\/www.lisegarguil.com\/blog\/2013\/04\/seance-photo-nouveau-ne\/","title":{"rendered":"S\u00e9ance nouveau-n\u00e9 | Esteban"},"content":{"rendered":"<p>Aujourd&rsquo;hui sur le blog, Esteban, joli poupon de 11 jours. Nous nous sommes vu deux fois parce que ce petit bout n&rsquo;\u00e9tait pas dans son jour \u00e0 ma premi\u00e8re visite. Cela arrive parfois, et il en faudrait plus pour me d\u00e9courager! ;) Merci Delphine, pour m&rsquo;avoir fais confiance lors de cette s\u00e9ance, je vous souhaite beaucoup de bonheur pour la suite. Si vous aussi vous projetez de r\u00e9server une s\u00e9ance pour immortaliser les premiers jours de vie de votre petit tr\u00e9sor, ne tardez pas, les meilleurs moments sont entre les 5 et 15 premiers jours de vie du tout petit. Pour d\u00e9couvrir mes autres s\u00e9ances nouveau-n\u00e9s, c&rsquo;est par <a href=\"https:\/\/www.lisegarguil.com\/blog\/category\/nouveau-nes\/\">ici<\/a>.<img loading=\"lazy\" decoding=\"async\" class=\"aligncenter\" alt=\"\" src=\"https:\/\/www.lisegarguil.com\/blog\/wp-content\/uploads\/Esteban-03-13-Lise-garguil-photographie-0204.jpg\" width=\"900\" height=\"599\" \/><img loading=\"lazy\" decoding=\"async\" class=\"size-full wp-image-2243 aligncenter\" alt=\"\" src=\"https:\/\/www.lisegarguil.com\/blog\/wp-content\/uploads\/Esteban-03-13-Lise-garguil-photographie-02131.jpg\" width=\"900\" height=\"678\" srcset=\"https:\/\/www.lisegarguil.com\/blog\/wp-content\/uploads\/Esteban-03-13-Lise-garguil-photographie-02131.jpg 900w, https:\/\/www.lisegarguil.com\/blog\/wp-content\/uploads\/Esteban-03-13-Lise-garguil-photographie-02131-300x226.jpg 300w\" sizes=\"auto, (max-width: 900px) 100vw, 900px\" \/><img loading=\"lazy\" decoding=\"async\" class=\"pp-insert-all size-full aligncenter\" alt=\"\" src=\"https:\/\/www.lisegarguil.com\/blog\/wp-content\/uploads\/Esteban-03-13-Lise-garguil-photographie-0203.jpg\" width=\"900\" height=\"599\" \/><img loading=\"lazy\" decoding=\"async\" class=\"pp-insert-all size-full aligncenter\" alt=\"\" src=\"https:\/\/www.lisegarguil.com\/blog\/wp-content\/uploads\/Esteban-03-13-Lise-garguil-photographie-0201.jpg\" width=\"900\" height=\"599\" \/><img loading=\"lazy\" decoding=\"async\" class=\"pp-insert-all size-full aligncenter\" alt=\"\" src=\"https:\/\/www.lisegarguil.com\/blog\/wp-content\/uploads\/Esteban-03-13-Lise-garguil-photographie-0222.jpg\" width=\"900\" height=\"599\" \/><img loading=\"lazy\" decoding=\"async\" class=\"pp-insert-all size-full aligncenter\" alt=\"\" src=\"https:\/\/www.lisegarguil.com\/blog\/wp-content\/uploads\/Esteban-03-13-Lise-garguil-photographie-0206.jpg\" width=\"900\" height=\"599\" \/><img loading=\"lazy\" decoding=\"async\" class=\"pp-insert-all size-full aligncenter\" alt=\"\" src=\"https:\/\/www.lisegarguil.com\/blog\/wp-content\/uploads\/Esteban-03-13-Lise-garguil-photographie-0237.jpg\" width=\"900\" height=\"599\" \/><img loading=\"lazy\" decoding=\"async\" class=\"pp-insert-all size-full aligncenter\" alt=\"\" src=\"https:\/\/www.lisegarguil.com\/blog\/wp-content\/uploads\/Esteban-03-13-Lise-garguil-photographie-0235.jpg\" width=\"900\" height=\"678\" \/><img loading=\"lazy\" decoding=\"async\" class=\"pp-insert-all size-full aligncenter\" alt=\"\" src=\"https:\/\/www.lisegarguil.com\/blog\/wp-content\/uploads\/Esteban-03-13-Lise-garguil-photographie-0245.jpg\" width=\"900\" height=\"599\" \/><img loading=\"lazy\" decoding=\"async\" class=\"pp-insert-all size-full aligncenter\" alt=\"\" src=\"https:\/\/www.lisegarguil.com\/blog\/wp-content\/uploads\/Esteban-03-13-Lise-garguil-photographie-0239.jpg\" width=\"900\" height=\"599\" \/><img loading=\"lazy\" decoding=\"async\" class=\"pp-insert-all size-full aligncenter\" alt=\"\" src=\"https:\/\/www.lisegarguil.com\/blog\/wp-content\/uploads\/Esteban-03-13-Lise-garguil-photographie-0230.jpg\" width=\"900\" height=\"599\" \/><img loading=\"lazy\" decoding=\"async\" class=\"pp-insert-all size-full aligncenter\" alt=\"\" src=\"https:\/\/www.lisegarguil.com\/blog\/wp-content\/uploads\/Esteban-03-13-Lise-garguil-photographie-0253.jpg\" width=\"900\" height=\"599\" \/><img loading=\"lazy\" decoding=\"async\" class=\"pp-insert-all size-full aligncenter\" alt=\"\" src=\"https:\/\/www.lisegarguil.com\/blog\/wp-content\/uploads\/Esteban-03-13-Lise-garguil-photographie-0252.jpg\" width=\"900\" height=\"599\" \/><img loading=\"lazy\" decoding=\"async\" class=\"pp-insert-all size-full aligncenter\" alt=\"\" src=\"https:\/\/www.lisegarguil.com\/blog\/wp-content\/uploads\/Esteban-03-13-Lise-garguil-photographie-0247.jpg\" width=\"900\" height=\"599\" \/><img loading=\"lazy\" decoding=\"async\" class=\"pp-insert-all size-full aligncenter\" alt=\"\" src=\"https:\/\/www.lisegarguil.com\/blog\/wp-content\/uploads\/Esteban-03-13-Lise-garguil-photographie-0180.jpg\" width=\"900\" height=\"599\" \/><img loading=\"lazy\" decoding=\"async\" class=\"pp-insert-all size-full aligncenter\" alt=\"\" src=\"https:\/\/www.lisegarguil.com\/blog\/wp-content\/uploads\/Esteban-03-13-Lise-garguil-photographie-0187.jpg\" width=\"900\" height=\"599\" \/><\/p>\n","protected":false},"excerpt":{"rendered":"<p>Aujourd&rsquo;hui sur le blog, Esteban, joli poupon de 11 jours. Nous nous sommes vu deux fois parce que ce petit bout n&rsquo;\u00e9tait pas dans son jour \u00e0 ma premi\u00e8re visite. Cela arrive parfois, et il en faudrait plus pour me d\u00e9courager! ;) Merci Delphine, pour m&rsquo;avoir fais confiance lors de cette s\u00e9ance, je vous souhaite...<\/p>\n","protected":false},"author":1,"featured_media":0,"comment_status":"open","ping_status":"open","sticky":false,"template":"","format":"standard","meta":{"pp_embeds":"","footnotes":""},"categories":[39],"tags":[340,341,49,275,180,25,185,22,23,97,339,199],"class_list":["post-2224","post","type-post","status-publish","format-standard","hentry","category-nouveau-nes","tag-accessoire-nouveau-ne","tag-accessoire-photographe-nouveau-ne","tag-accessoires-seance-nouveau-ne","tag-photographe-bebe-17","tag-photographe-bebe-la-roche-sur-yon","tag-photographe-bebe-nantes","tag-photographe-bebe-studio-la-rochelle","tag-photographe-bebe-vendee","tag-photographe-nouveau-ne-vendee","tag-photographe-nouveau-ne-la-roche-sur-yon","tag-sance-photo-nouveau-ne-la-roche-sur-yon","tag-seance-photo-nouveau-ne-vendee"],"_links":{"self":[{"href":"https:\/\/www.lisegarguil.com\/blog\/wp-json\/wp\/v2\/posts\/2224","targetHints":{"allow":["GET"]}}],"collection":[{"href":"https:\/\/www.lisegarguil.com\/blog\/wp-json\/wp\/v2\/posts"}],"about":[{"href":"https:\/\/www.lisegarguil.com\/blog\/wp-json\/wp\/v2\/types\/post"}],"author":[{"embeddable":true,"href":"https:\/\/www.lisegarguil.com\/blog\/wp-json\/wp\/v2\/users\/1"}],"replies":[{"embeddable":true,"href":"https:\/\/www.lisegarguil.com\/blog\/wp-json\/wp\/v2\/comments?post=2224"}],"version-history":[{"count":6,"href":"https:\/\/www.lisegarguil.com\/blog\/wp-json\/wp\/v2\/posts\/2224\/revisions"}],"predecessor-version":[{"id":2242,"href":"https:\/\/www.lisegarguil.com\/blog\/wp-json\/wp\/v2\/posts\/2224\/revisions\/2242"}],"wp:attachment":[{"href":"https:\/\/www.lisegarguil.com\/blog\/wp-json\/wp\/v2\/media?parent=2224"}],"wp:term":[{"taxonomy":"category","embeddable":true,"href":"https:\/\/www.lisegarguil.com\/blog\/wp-json\/wp\/v2\/categories?post=2224"},{"taxonomy":"post_tag","embeddable":true,"href":"https:\/\/www.lisegarguil.com\/blog\/wp-json\/wp\/v2\/tags?post=2224"}],"curies":[{"name":"wp","href":"https:\/\/api.w.org\/{rel}","templated":true}]}}