{"id":1781,"date":"2012-11-17T16:57:30","date_gmt":"2012-11-17T16:57:30","guid":{"rendered":"http:\/\/www.lisegarguil.com\/blog\/?p=1781"},"modified":"2013-03-06T15:24:27","modified_gmt":"2013-03-06T15:24:27","slug":"seance-photo-nouveau-ne-vendee","status":"publish","type":"post","link":"https:\/\/www.lisegarguil.com\/blog\/2012\/11\/seance-photo-nouveau-ne-vendee\/","title":{"rendered":"s\u00e9ance nouveau-n\u00e9 | lou"},"content":{"rendered":"<p style=\"text-align: justify;\">C&rsquo;\u00e9tait une s\u00e9ance r\u00e9alis\u00e9e le 27 octobre dernier lors du workshop (atelier de travail) avec la talentueuse <a href=\"http:\/\/www.gwendolinenoir.com\/\" target=\"_blank\">Gwendoline Noir<\/a>, photographe sur la r\u00e9gion Lyonnaise. J&rsquo;ai ador\u00e9 participer \u00e0 cette journ\u00e9e o\u00f9 j&rsquo;ai pu apprendre pleins de choses, et gagner en confiance. Cela m&rsquo;a aussi confort\u00e9 dans mes choix et mon envie de faire plus de photos de nouveau-n\u00e9s. Je vous laisse d\u00e9couvrir la d\u00e9licate petite Lou.<img loading=\"lazy\" decoding=\"async\" class=\"pp-insert-all size-full aligncenter\" alt=\"\" src=\"https:\/\/www.lisegarguil.com\/blog\/wp-content\/uploads\/Lise-Garguil-Photographie-nouveau-ne-lou0112.jpg\" width=\"900\" height=\"599\" \/><img loading=\"lazy\" decoding=\"async\" class=\"pp-insert-all size-full aligncenter\" alt=\"\" src=\"https:\/\/www.lisegarguil.com\/blog\/wp-content\/uploads\/Lise-Garguil-Photographie-nouveau-ne-lou0161.jpg\" width=\"900\" height=\"417\" \/><img loading=\"lazy\" decoding=\"async\" class=\"pp-insert-all size-full aligncenter\" alt=\"\" src=\"https:\/\/www.lisegarguil.com\/blog\/wp-content\/uploads\/Lise-Garguil-Photographie-nouveau-ne-lou0218.jpg\" width=\"900\" height=\"599\" \/><img loading=\"lazy\" decoding=\"async\" class=\"pp-insert-all size-full aligncenter\" alt=\"\" src=\"https:\/\/www.lisegarguil.com\/blog\/wp-content\/uploads\/Lise-Garguil-Photographie-nouveau-ne-lou0093.jpg\" width=\"900\" height=\"599\" \/><img loading=\"lazy\" decoding=\"async\" class=\"pp-insert-all size-full aligncenter\" alt=\"\" src=\"https:\/\/www.lisegarguil.com\/blog\/wp-content\/uploads\/Lise-Garguil-Photographie-nouveau-ne-lou0008.jpg\" width=\"900\" height=\"417\" \/><img loading=\"lazy\" decoding=\"async\" class=\"pp-insert-all size-full aligncenter\" alt=\"\" src=\"https:\/\/www.lisegarguil.com\/blog\/wp-content\/uploads\/Lise-Garguil-Photographie-nouveau-ne-lou0031.jpg\" width=\"900\" height=\"599\" \/><img loading=\"lazy\" decoding=\"async\" class=\"pp-insert-all size-full aligncenter\" alt=\"\" src=\"https:\/\/www.lisegarguil.com\/blog\/wp-content\/uploads\/Lise-Garguil-Photographie-nouveau-ne-lou0082.jpg\" width=\"900\" height=\"599\" \/><img loading=\"lazy\" decoding=\"async\" class=\"pp-insert-all size-full aligncenter\" alt=\"\" src=\"https:\/\/www.lisegarguil.com\/blog\/wp-content\/uploads\/Lise-Garguil-Photographie-nouveau-ne-lou0073.jpg\" width=\"900\" height=\"599\" \/><img loading=\"lazy\" decoding=\"async\" class=\"pp-insert-all size-full aligncenter\" alt=\"\" src=\"https:\/\/www.lisegarguil.com\/blog\/wp-content\/uploads\/Lise-Garguil-Photographie-nouveau-ne-lou0213.jpg\" width=\"900\" height=\"599\" \/><img loading=\"lazy\" decoding=\"async\" class=\"pp-insert-all size-full aligncenter\" alt=\"\" src=\"https:\/\/www.lisegarguil.com\/blog\/wp-content\/uploads\/Lise-Garguil-Photographie-nouveau-ne-lou0186.jpg\" width=\"900\" height=\"599\" \/><\/p>\n","protected":false},"excerpt":{"rendered":"<p>C&rsquo;\u00e9tait une s\u00e9ance r\u00e9alis\u00e9e le 27 octobre dernier lors du workshop (atelier de travail) avec la talentueuse Gwendoline Noir, photographe sur la r\u00e9gion Lyonnaise. J&rsquo;ai ador\u00e9 participer \u00e0 cette journ\u00e9e o\u00f9 j&rsquo;ai pu apprendre pleins de choses, et gagner en confiance. Cela m&rsquo;a aussi confort\u00e9 dans mes choix et mon envie de faire plus de...<\/p>\n","protected":false},"author":1,"featured_media":0,"comment_status":"open","ping_status":"open","sticky":false,"template":"","format":"standard","meta":{"pp_embeds":"","footnotes":""},"categories":[39],"tags":[287,283,282,239,285,180,286,25,240,205,284,278,279,23,277,276,200,234,28,280,281,202,199,42],"class_list":["post-1781","post","type-post","status-publish","format-standard","hentry","category-nouveau-nes","tag-offrir-seance-photo-vendee","tag-photo-bebe-nantes","tag-photo-bebe-vendee","tag-photographe-bebe-challans","tag-photographe-bebe-fontenay-le-comte","tag-photographe-bebe-la-roche-sur-yon","tag-photographe-bebe-les-herbiers","tag-photographe-bebe-nantes","tag-photographe-bebe-niort","tag-photographe-naissance-vendee","tag-photographe-nourrisson-vendee","tag-photographe-nouveau-ne-les-sables-dolonne","tag-photographe-nouveau-ne-lucon","tag-photographe-nouveau-ne-vendee","tag-photographe-nouveau-ne-85","tag-photographe-nouveau-ne-charente-maritime","tag-photographe-nouveau-ne-la-rochelle","tag-photographe-nouveau-ne-niort","tag-seance-photo-grossesse-nantes","tag-seance-photo-liste-de-naissance-vendee","tag-seance-photo-naissance-cadeau","tag-seance-photo-nouveau-ne-rochefort","tag-seance-photo-nouveau-ne-vendee","tag-session-photo-bebe"],"_links":{"self":[{"href":"https:\/\/www.lisegarguil.com\/blog\/wp-json\/wp\/v2\/posts\/1781","targetHints":{"allow":["GET"]}}],"collection":[{"href":"https:\/\/www.lisegarguil.com\/blog\/wp-json\/wp\/v2\/posts"}],"about":[{"href":"https:\/\/www.lisegarguil.com\/blog\/wp-json\/wp\/v2\/types\/post"}],"author":[{"embeddable":true,"href":"https:\/\/www.lisegarguil.com\/blog\/wp-json\/wp\/v2\/users\/1"}],"replies":[{"embeddable":true,"href":"https:\/\/www.lisegarguil.com\/blog\/wp-json\/wp\/v2\/comments?post=1781"}],"version-history":[{"count":9,"href":"https:\/\/www.lisegarguil.com\/blog\/wp-json\/wp\/v2\/posts\/1781\/revisions"}],"predecessor-version":[{"id":2145,"href":"https:\/\/www.lisegarguil.com\/blog\/wp-json\/wp\/v2\/posts\/1781\/revisions\/2145"}],"wp:attachment":[{"href":"https:\/\/www.lisegarguil.com\/blog\/wp-json\/wp\/v2\/media?parent=1781"}],"wp:term":[{"taxonomy":"category","embeddable":true,"href":"https:\/\/www.lisegarguil.com\/blog\/wp-json\/wp\/v2\/categories?post=1781"},{"taxonomy":"post_tag","embeddable":true,"href":"https:\/\/www.lisegarguil.com\/blog\/wp-json\/wp\/v2\/tags?post=1781"}],"curies":[{"name":"wp","href":"https:\/\/api.w.org\/{rel}","templated":true}]}}