{"id":1560,"date":"2012-10-20T07:30:36","date_gmt":"2012-10-20T07:30:36","guid":{"rendered":"http:\/\/www.lisegarguil.com\/blog\/?p=1560"},"modified":"2013-03-07T17:30:35","modified_gmt":"2013-03-07T17:30:35","slug":"seance-photo-grossesse-vendee","status":"publish","type":"post","link":"https:\/\/www.lisegarguil.com\/blog\/2012\/10\/seance-photo-grossesse-vendee\/","title":{"rendered":"Seance grossesse | B+M"},"content":{"rendered":"<p style=\"text-align: justify;\">B. et M. ont \u00e9t\u00e9 absolument parfait ce jour l\u00e0. C&rsquo;est la premi\u00e8re fois que je rencontrais un couple aussi spontan\u00e9 et aussi \u00e0 l&rsquo;aise devant l&rsquo;appareil. Ne sont-ils pas des futurs parents magnifiques? <em>B. et M. vous \u00eates deux personnes qui m&rsquo;ont \u00e9norm\u00e9ment touch\u00e9, je suis si fi\u00e8re d&rsquo;avoir \u00e9t\u00e9 choisie pour capturer et partager ces si jolis moments. Je vous souhaite tout le meilleur pour votre vie \u00e0 trois.<\/em><img loading=\"lazy\" decoding=\"async\" class=\"pp-insert-all size-full aligncenter\" alt=\"\" src=\"https:\/\/www.lisegarguil.com\/blog\/wp-content\/uploads\/DSC_0002.jpg\" width=\"900\" height=\"679\" \/><img loading=\"lazy\" decoding=\"async\" class=\"pp-insert-all size-full aligncenter\" alt=\"\" src=\"https:\/\/www.lisegarguil.com\/blog\/wp-content\/uploads\/DSC_0009-nb.jpg\" width=\"900\" height=\"679\" \/><img loading=\"lazy\" decoding=\"async\" class=\"pp-insert-all size-full aligncenter\" alt=\"\" src=\"https:\/\/www.lisegarguil.com\/blog\/wkp-content\/uploads\/DSC_0030.jpg\" width=\"900\" height=\"599\" \/><img loading=\"lazy\" decoding=\"async\" class=\"pp-insert-all size-full aligncenter\" alt=\"\" src=\"https:\/\/www.lisegarguil.com\/blog\/wp-content\/uploads\/DSC_0067.jpg\" width=\"900\" height=\"417\" \/><img loading=\"lazy\" decoding=\"async\" class=\"pp-insert-all size-full aligncenter\" alt=\"\" src=\"https:\/\/www.lisegarguil.com\/blog\/wp-content\/uploads\/DSC_0120.jpg\" width=\"900\" height=\"599\" \/><img loading=\"lazy\" decoding=\"async\" class=\"pp-insert-all size-full aligncenter\" alt=\"\" src=\"https:\/\/www.lisegarguil.com\/blog\/wp-content\/uploads\/DSC_0118.jpg\" width=\"900\" height=\"599\" \/><img loading=\"lazy\" decoding=\"async\" class=\"pp-insert-all size-full aligncenter\" alt=\"\" src=\"https:\/\/www.lisegarguil.com\/blog\/wp-content\/uploads\/DSC_0093.jpg\" width=\"900\" height=\"417\" \/><img loading=\"lazy\" decoding=\"async\" class=\"pp-insert-all size-full aligncenter\" alt=\"\" src=\"https:\/\/www.lisegarguil.com\/blog\/wp-content\/uploads\/DSC_0148.jpg\" width=\"900\" height=\"637\" \/><img loading=\"lazy\" decoding=\"async\" class=\"pp-insert-all size-full aligncenter\" alt=\"\" src=\"https:\/\/www.lisegarguil.com\/blog\/wp-content\/uploads\/DSC_0097.jpg\" width=\"900\" height=\"453\" \/><img loading=\"lazy\" decoding=\"async\" class=\"pp-insert-all size-full aligncenter\" alt=\"\" src=\"https:\/\/www.lisegarguil.com\/blog\/wp-content\/uploads\/DSC_0101.jpg\" width=\"900\" height=\"1193\" \/><\/p>\n","protected":false},"excerpt":{"rendered":"<p>B. et M. ont \u00e9t\u00e9 absolument parfait ce jour l\u00e0. C&rsquo;est la premi\u00e8re fois que je rencontrais un couple aussi spontan\u00e9 et aussi \u00e0 l&rsquo;aise devant l&rsquo;appareil. Ne sont-ils pas des futurs parents magnifiques? B. et M. vous \u00eates deux personnes qui m&rsquo;ont \u00e9norm\u00e9ment touch\u00e9, je suis si fi\u00e8re d&rsquo;avoir \u00e9t\u00e9 choisie pour capturer et...<\/p>\n","protected":false},"author":1,"featured_media":0,"comment_status":"open","ping_status":"open","sticky":false,"template":"","format":"standard","meta":{"pp_embeds":"","footnotes":""},"categories":[4],"tags":[333,330,332,219,210,29,316,331,155,329,314,28],"class_list":["post-1560","post","type-post","status-publish","format-standard","hentry","category-grossesse","tag-photographe-future-maman-challans","tag-photographe-future-maman-la-rochelle","tag-photographe-future-maman-nantes","tag-photographe-grossesse-17","tag-photographe-grossesse-85","tag-photographe-grossesse-vendee","tag-photographe-maternite-la-roche-sur-yon","tag-photographe-maternite-lucon","tag-photos-souvenir-grossesse","tag-seance-photo-future-maman-vendee","tag-seance-photo-grossesse-lucon","tag-seance-photo-grossesse-nantes"],"_links":{"self":[{"href":"https:\/\/www.lisegarguil.com\/blog\/wp-json\/wp\/v2\/posts\/1560","targetHints":{"allow":["GET"]}}],"collection":[{"href":"https:\/\/www.lisegarguil.com\/blog\/wp-json\/wp\/v2\/posts"}],"about":[{"href":"https:\/\/www.lisegarguil.com\/blog\/wp-json\/wp\/v2\/types\/post"}],"author":[{"embeddable":true,"href":"https:\/\/www.lisegarguil.com\/blog\/wp-json\/wp\/v2\/users\/1"}],"replies":[{"embeddable":true,"href":"https:\/\/www.lisegarguil.com\/blog\/wp-json\/wp\/v2\/comments?post=1560"}],"version-history":[{"count":6,"href":"https:\/\/www.lisegarguil.com\/blog\/wp-json\/wp\/v2\/posts\/1560\/revisions"}],"predecessor-version":[{"id":2149,"href":"https:\/\/www.lisegarguil.com\/blog\/wp-json\/wp\/v2\/posts\/1560\/revisions\/2149"}],"wp:attachment":[{"href":"https:\/\/www.lisegarguil.com\/blog\/wp-json\/wp\/v2\/media?parent=1560"}],"wp:term":[{"taxonomy":"category","embeddable":true,"href":"https:\/\/www.lisegarguil.com\/blog\/wp-json\/wp\/v2\/categories?post=1560"},{"taxonomy":"post_tag","embeddable":true,"href":"https:\/\/www.lisegarguil.com\/blog\/wp-json\/wp\/v2\/tags?post=1560"}],"curies":[{"name":"wp","href":"https:\/\/api.w.org\/{rel}","templated":true}]}}